{"id":89328,"date":"2018-01-11T19:20:46","date_gmt":"2018-01-11T21:20:46","guid":{"rendered":"http:\/\/diarioregionaljf.com.br\/2018\/01\/11\/homens-sao-mortos-a-tiros-na-zona-rural-de-fervedouro\/"},"modified":"2018-01-11T19:20:46","modified_gmt":"2018-01-11T21:20:46","slug":"homens-sao-mortos-a-tiros-na-zona-rural-de-fervedouro","status":"publish","type":"post","link":"https:\/\/diarioregionaldigital.com.br\/?p=89328","title":{"rendered":"Homens s\u00e3o mortos a tiros na zona rural de Fervedouro"},"content":{"rendered":"<p>Dois homens foram mortos a tiros na manh\u00e3 desta quinta-feira, 11, na comunidade de Ribeir\u00e3o do Jorge, zona rural de Fervedouro (a cerca de 212 Km de Juiz de Fora). A identidade das v\u00edtimas n\u00e3o foi divulgada oficialmente.<\/p>\n<p>Os homens estariam indo para o trabalho de moto quando foram abordados em uma estrada de terra e atingidos pelos tiros. Ambos morreram no local.<\/p>\n<p>A Pol\u00edcia Militar (PM) de Fervedouro e a per\u00edcia da Pol\u00edcia Civil (PC), de Muria\u00e9, foram acionadas.<\/p>\n<p>At\u00e9 o momento, n\u00e3o h\u00e1 informa\u00e7\u00f5es oficiais sobre a motiva\u00e7\u00e3o do crime e nem sobre a autoria do mesmo.<\/p>\n<p>&nbsp;<\/p>\n<p>Da reda\u00e7\u00e3o\/R\u00e1dio Muria\u00e9<\/p>\n","protected":false},"excerpt":{"rendered":"<p>Dois homens foram mortos a tiros na manh\u00e3 desta quinta-feira, 11, na comunidade de Ribeir\u00e3o do Jorge, zona rural de Fervedouro (a cerca de 212 Km de Juiz de Fora). A identidade das v\u00edtimas n\u00e3o foi divulgada oficialmente. Os homens estariam indo para o trabalho de moto quando foram abordados em uma estrada de terra [&hellip;]<\/p>\n","protected":false},"author":96,"featured_media":89327,"comment_status":"closed","ping_status":"closed","sticky":false,"template":"","format":"standard","meta":{"footnotes":""},"categories":[252],"tags":[],"class_list":["post-89328","post","type-post","status-publish","format-standard","has-post-thumbnail","hentry","category-regiao"],"_links":{"self":[{"href":"https:\/\/diarioregionaldigital.com.br\/index.php?rest_route=\/wp\/v2\/posts\/89328","targetHints":{"allow":["GET"]}}],"collection":[{"href":"https:\/\/diarioregionaldigital.com.br\/index.php?rest_route=\/wp\/v2\/posts"}],"about":[{"href":"https:\/\/diarioregionaldigital.com.br\/index.php?rest_route=\/wp\/v2\/types\/post"}],"author":[{"embeddable":true,"href":"https:\/\/diarioregionaldigital.com.br\/index.php?rest_route=\/wp\/v2\/users\/96"}],"replies":[{"embeddable":true,"href":"https:\/\/diarioregionaldigital.com.br\/index.php?rest_route=%2Fwp%2Fv2%2Fcomments&post=89328"}],"version-history":[{"count":0,"href":"https:\/\/diarioregionaldigital.com.br\/index.php?rest_route=\/wp\/v2\/posts\/89328\/revisions"}],"wp:featuredmedia":[{"embeddable":true,"href":"https:\/\/diarioregionaldigital.com.br\/index.php?rest_route=\/wp\/v2\/media\/89327"}],"wp:attachment":[{"href":"https:\/\/diarioregionaldigital.com.br\/index.php?rest_route=%2Fwp%2Fv2%2Fmedia&parent=89328"}],"wp:term":[{"taxonomy":"category","embeddable":true,"href":"https:\/\/diarioregionaldigital.com.br\/index.php?rest_route=%2Fwp%2Fv2%2Fcategories&post=89328"},{"taxonomy":"post_tag","embeddable":true,"href":"https:\/\/diarioregionaldigital.com.br\/index.php?rest_route=%2Fwp%2Fv2%2Ftags&post=89328"}],"curies":[{"name":"wp","href":"https:\/\/api.w.org\/{rel}","templated":true}]}}