{"id":89326,"date":"2018-01-11T19:01:07","date_gmt":"2018-01-11T21:01:07","guid":{"rendered":"http:\/\/diarioregionaljf.com.br\/2018\/01\/11\/temer-vai-a-sao-paulo-para-consultas-medicas\/"},"modified":"2018-01-11T19:01:07","modified_gmt":"2018-01-11T21:01:07","slug":"temer-vai-a-sao-paulo-para-consultas-medicas","status":"publish","type":"post","link":"https:\/\/diarioregionaldigital.com.br\/?p=89326","title":{"rendered":"Temer vai a S\u00e3o Paulo para consultas m\u00e9dicas"},"content":{"rendered":"<p>O presidente Michel Temer embarcou no in\u00edcio da tarde dessa quinta-feira, 11, para S\u00e3o Paulo, onde deve passar por consultas com um cardiologista e um urologista no Hospital S\u00edrio-Liban\u00eas para acompanhar a evolu\u00e7\u00e3o de sua recupera\u00e7\u00e3o. Temer passou por interven\u00e7\u00f5es cir\u00fargicas nos \u00faltimos meses.<\/p>\n<p>Em outubro, o presidente fez um primeiro procedimento para desobstru\u00e7\u00e3o da uretra. No m\u00eas seguinte, passou por uma angioplastia em tr\u00eas art\u00e9rias coron\u00e1rias e implantou stents. Em dezembro, foi submetido a uma cirurgia para desobstruir a uretra.<\/p>\n<p>Durante o per\u00edodo de fim de ano, o presidente da Rep\u00fablica desacelerou as atividades e descansou.<\/p>\n<p>Agora, h\u00e1 a expectativa de que ele viaje a Davos, na Su\u00ed\u00e7a, para participar do F\u00f3rum Econ\u00f4mico Mundial no fim do m\u00eas.<\/p>\n<p>Antes de viajar para S\u00e3o Paulo, Temer recebeu no Pal\u00e1cio do Planalto a Advogada-Geral da Uni\u00e3o, Grace Mendon\u00e7a, e o ministro-chefe do Gabinete de Seguran\u00e7a Institucional, S\u00e9rgio Etchegoyen.<\/p>\n<p>Fonte: Ag\u00eancia Brasil<\/p>\n","protected":false},"excerpt":{"rendered":"<p>O presidente Michel Temer embarcou no in\u00edcio da tarde dessa quinta-feira, 11, para S\u00e3o Paulo, onde deve passar por consultas com um cardiologista e um urologista no Hospital S\u00edrio-Liban\u00eas para acompanhar a evolu\u00e7\u00e3o de sua recupera\u00e7\u00e3o. Temer passou por interven\u00e7\u00f5es cir\u00fargicas nos \u00faltimos meses. Em outubro, o presidente fez um primeiro procedimento para desobstru\u00e7\u00e3o da [&hellip;]<\/p>\n","protected":false},"author":96,"featured_media":89325,"comment_status":"closed","ping_status":"closed","sticky":false,"template":"","format":"standard","meta":{"footnotes":""},"categories":[254],"tags":[],"class_list":["post-89326","post","type-post","status-publish","format-standard","has-post-thumbnail","hentry","category-politica"],"_links":{"self":[{"href":"https:\/\/diarioregionaldigital.com.br\/index.php?rest_route=\/wp\/v2\/posts\/89326","targetHints":{"allow":["GET"]}}],"collection":[{"href":"https:\/\/diarioregionaldigital.com.br\/index.php?rest_route=\/wp\/v2\/posts"}],"about":[{"href":"https:\/\/diarioregionaldigital.com.br\/index.php?rest_route=\/wp\/v2\/types\/post"}],"author":[{"embeddable":true,"href":"https:\/\/diarioregionaldigital.com.br\/index.php?rest_route=\/wp\/v2\/users\/96"}],"replies":[{"embeddable":true,"href":"https:\/\/diarioregionaldigital.com.br\/index.php?rest_route=%2Fwp%2Fv2%2Fcomments&post=89326"}],"version-history":[{"count":0,"href":"https:\/\/diarioregionaldigital.com.br\/index.php?rest_route=\/wp\/v2\/posts\/89326\/revisions"}],"wp:featuredmedia":[{"embeddable":true,"href":"https:\/\/diarioregionaldigital.com.br\/index.php?rest_route=\/wp\/v2\/media\/89325"}],"wp:attachment":[{"href":"https:\/\/diarioregionaldigital.com.br\/index.php?rest_route=%2Fwp%2Fv2%2Fmedia&parent=89326"}],"wp:term":[{"taxonomy":"category","embeddable":true,"href":"https:\/\/diarioregionaldigital.com.br\/index.php?rest_route=%2Fwp%2Fv2%2Fcategories&post=89326"},{"taxonomy":"post_tag","embeddable":true,"href":"https:\/\/diarioregionaldigital.com.br\/index.php?rest_route=%2Fwp%2Fv2%2Ftags&post=89326"}],"curies":[{"name":"wp","href":"https:\/\/api.w.org\/{rel}","templated":true}]}}