{"id":89324,"date":"2018-01-11T18:58:48","date_gmt":"2018-01-11T20:58:48","guid":{"rendered":"http:\/\/diarioregionaljf.com.br\/2018\/01\/11\/planalto-deve-entrar-com-novo-recurso-no-trf2-para-garantir-posse-de-cristiane\/"},"modified":"2018-01-11T18:58:48","modified_gmt":"2018-01-11T20:58:48","slug":"planalto-deve-entrar-com-novo-recurso-no-trf2-para-garantir-posse-de-cristiane","status":"publish","type":"post","link":"https:\/\/diarioregionaldigital.com.br\/?p=89324","title":{"rendered":"Planalto deve entrar com novo recurso no TRF2 para garantir posse de Cristiane"},"content":{"rendered":"<p>O Pal\u00e1cio do Planalto decidiu esgotar todas as possibilidades de recurso na primeira inst\u00e2ncia contra a decis\u00e3o do Tribunal Regional da 2\u00aa Regi\u00e3o (TRF2) de suspender a nomea\u00e7\u00e3o e posse da deputada Cristiane Brasil (PTB-RJ) como ministra do Trabalho.<\/p>\n<p>Segundo o deputado Beto Mansur (PRB-SP), um dos principais articuladores pol\u00edticos da base governista na C\u00e2mara, o governo deve apresentar novo recurso para que o plen\u00e1rio do TRF2 decida sobre a liminar enquanto aguarda o fim do recesso do judici\u00e1rio para recorrer ao Supremo Tribunal Federal (STF).<\/p>\n<p>Durante o recesso do Supremo, a decis\u00e3o sobre o recurso caberia somente \u00e0 presidente da Corte, ministra C\u00e1rmen L\u00facia, e o Executivo prefere que o recurso seja analisado pelos ministros em plen\u00e1rio. No entendimento do governo, o desgaste neste momento \u00e9 maior entre os poderes do que sobre a deputada. O objetivo \u00e9 tentar resolver a quest\u00e3o ainda no \u00e2mbito estadual e evitar que o desgaste se estenda para as inst\u00e2ncias superiores do Judici\u00e1rio.<\/p>\n<p>\u201cUm juiz de primeira inst\u00e2ncia disse: &#8216;n\u00e3o pode assumir, porque a ministra tem a\u00e7\u00f5es na justi\u00e7a do Trabalho&#8217;, coisa quem, na minha vis\u00e3o, \u00e9 um absurdo. A\u00ed, voc\u00ea n\u00e3o vai poder indicar um ministro da Sa\u00fade porque ele fuma, voc\u00ea n\u00e3o vai poder indicar um ministro dos Transportes porque tem algum tipo de multa de tr\u00e2nsito. \u00c9 claro que o Executivo vai recorrer at\u00e9 a \u00faltima inst\u00e2ncia para que n\u00e3o haja nenhum tipo de d\u00favida dessa separa\u00e7\u00e3o entre os poderes\u201d, acrescentou.<\/p>\n<p>O deputado disse que conversou nessa quarta-feira, 10, com o presidente Michel Temer e que este est\u00e1 tranquilo e vai manter a indica\u00e7\u00e3o da ministra. \u201cEle est\u00e1 tranquil\u00edssimo, ele \u00e9 um jurista conhecedor do direito, ele fez a indica\u00e7\u00e3o, ele n\u00e3o concorda com a decis\u00e3o e vai recorrer, porque houve verdadeiramente uma influ\u00eancia, uma entrada indevida, na minha vis\u00e3o, do Judici\u00e1rio na decis\u00e3o do presidente da Rep\u00fablica.\u201d<\/p>\n<p>Cristiane Brasil foi indicada como ministra do Trabalho, na \u00faltima semana, pela dire\u00e7\u00e3o do PTB, no \u00e2mbito das negocia\u00e7\u00f5es em torno da reforma da Previd\u00eancia. A indica\u00e7\u00e3o da deputada, no entanto, foi questionada na Justi\u00e7a, pois surgiram informa\u00e7\u00f5es de que ela tem d\u00edvidas trabalhistas com ex-funcion\u00e1rios.<\/p>\n<p>A nomea\u00e7\u00e3o da deputada foi suspensa por uma liminar da 4\u00aa Vara Federal de Niter\u00f3i (RJ), expedida na \u00faltima segunda-feira, 8, um dia antes da cerim\u00f4nia em que ela tomaria posse no Minist\u00e9rio do Trabalho. A Advocacia-Geral da Uni\u00e3o (AGU) apresentou recurso contra a liminar, mas a suspens\u00e3o da posse foi mantida pelo vice presidente do TRF-2. A defesa da deputada apresentou, em seguida, agravo de instrumento contra a decis\u00e3o do tribunal, mas o recurso tamb\u00e9m foi negado por outro desembargador.<\/p>\n<p>Fonte: Ag\u00eancia Brasil<\/p>\n","protected":false},"excerpt":{"rendered":"<p>O Pal\u00e1cio do Planalto decidiu esgotar todas as possibilidades de recurso na primeira inst\u00e2ncia contra a decis\u00e3o do Tribunal Regional da 2\u00aa Regi\u00e3o (TRF2) de suspender a nomea\u00e7\u00e3o e posse da deputada Cristiane Brasil (PTB-RJ) como ministra do Trabalho. Segundo o deputado Beto Mansur (PRB-SP), um dos principais articuladores pol\u00edticos da base governista na C\u00e2mara, [&hellip;]<\/p>\n","protected":false},"author":96,"featured_media":89323,"comment_status":"closed","ping_status":"closed","sticky":false,"template":"","format":"standard","meta":{"footnotes":""},"categories":[254],"tags":[],"class_list":["post-89324","post","type-post","status-publish","format-standard","has-post-thumbnail","hentry","category-politica"],"_links":{"self":[{"href":"https:\/\/diarioregionaldigital.com.br\/index.php?rest_route=\/wp\/v2\/posts\/89324","targetHints":{"allow":["GET"]}}],"collection":[{"href":"https:\/\/diarioregionaldigital.com.br\/index.php?rest_route=\/wp\/v2\/posts"}],"about":[{"href":"https:\/\/diarioregionaldigital.com.br\/index.php?rest_route=\/wp\/v2\/types\/post"}],"author":[{"embeddable":true,"href":"https:\/\/diarioregionaldigital.com.br\/index.php?rest_route=\/wp\/v2\/users\/96"}],"replies":[{"embeddable":true,"href":"https:\/\/diarioregionaldigital.com.br\/index.php?rest_route=%2Fwp%2Fv2%2Fcomments&post=89324"}],"version-history":[{"count":0,"href":"https:\/\/diarioregionaldigital.com.br\/index.php?rest_route=\/wp\/v2\/posts\/89324\/revisions"}],"wp:featuredmedia":[{"embeddable":true,"href":"https:\/\/diarioregionaldigital.com.br\/index.php?rest_route=\/wp\/v2\/media\/89323"}],"wp:attachment":[{"href":"https:\/\/diarioregionaldigital.com.br\/index.php?rest_route=%2Fwp%2Fv2%2Fmedia&parent=89324"}],"wp:term":[{"taxonomy":"category","embeddable":true,"href":"https:\/\/diarioregionaldigital.com.br\/index.php?rest_route=%2Fwp%2Fv2%2Fcategories&post=89324"},{"taxonomy":"post_tag","embeddable":true,"href":"https:\/\/diarioregionaldigital.com.br\/index.php?rest_route=%2Fwp%2Fv2%2Ftags&post=89324"}],"curies":[{"name":"wp","href":"https:\/\/api.w.org\/{rel}","templated":true}]}}