{"id":89322,"date":"2018-01-11T18:49:26","date_gmt":"2018-01-11T20:49:26","guid":{"rendered":"http:\/\/diarioregionaljf.com.br\/2018\/01\/11\/sancionada-lei-que-propoe-maior-acessibilidade-aos-usuarios-de-transporte-publico\/"},"modified":"2018-01-11T18:49:26","modified_gmt":"2018-01-11T20:49:26","slug":"sancionada-lei-que-propoe-maior-acessibilidade-aos-usuarios-de-transporte-publico","status":"publish","type":"post","link":"https:\/\/diarioregionaldigital.com.br\/?p=89322","title":{"rendered":"Sancionada Lei que prop\u00f5e maior acessibilidade aos usu\u00e1rios de transporte p\u00fablico"},"content":{"rendered":"<p>A Lei de autoria do vereador Fiorilo (PTC) que assegura o embarque e desembarque em qualquer porta dos coletivos para pessoas com defici\u00eancia ou mobilidade reduzida foi sancionada nessa quinta-feira, 11. O objetivo \u00e9 melhorar e facilitar a acessibilidade dos usu\u00e1rios do transporte p\u00fablico na cidade.<\/p>\n<p>Alguns ve\u00edculos j\u00e1 contam com rampas que facilitam o acesso especialmente de pessoas usu\u00e1rias de cadeira de rodas. Esta Lei visa atender tamb\u00e9m as pessoas que possuem outros tipos de limita\u00e7\u00f5es.<\/p>\n<p>Pela proposi\u00e7\u00e3o, pessoa com defici\u00eancia \u00e9 aquela que tem impedimento de longo prazo de natureza f\u00edsica, mental, intelectual ou sensorial. Inclui-se ainda os idosos, gestantes, lactantes, pessoas com crian\u00e7a de colo e obesos. As pessoas que se enquadram nestas caracter\u00edsticas devem realizar um credenciamento na secretaria de Transporte e Tr\u00e2nsito (Settra) para obterem este benef\u00edcio.<\/p>\n<p>Para fins de atender esta Lei, as empresas concession\u00e1rias do servi\u00e7o de transporte p\u00fablico municipal manter\u00e3o os ve\u00edculos da frota operante sem se obrigarem a adapta\u00e7\u00f5es ou aquisi\u00e7\u00e3o de novos \u00f4nibus, at\u00e9 que o Munic\u00edpio promova novo certame licitat\u00f3rio estabelecendo as caracter\u00edsticas de ve\u00edculos para atender \u00e0 plena acessibilidade das pessoas com defici\u00eancia.<\/p>\n<p>Fonte: Assessoria<\/p>\n","protected":false},"excerpt":{"rendered":"<p>A Lei de autoria do vereador Fiorilo (PTC) que assegura o embarque e desembarque em qualquer porta dos coletivos para pessoas com defici\u00eancia ou mobilidade reduzida foi sancionada nessa quinta-feira, 11. O objetivo \u00e9 melhorar e facilitar a acessibilidade dos usu\u00e1rios do transporte p\u00fablico na cidade. Alguns ve\u00edculos j\u00e1 contam com rampas que facilitam o [&hellip;]<\/p>\n","protected":false},"author":96,"featured_media":89321,"comment_status":"closed","ping_status":"closed","sticky":false,"template":"","format":"standard","meta":{"footnotes":""},"categories":[254],"tags":[],"class_list":["post-89322","post","type-post","status-publish","format-standard","has-post-thumbnail","hentry","category-politica"],"_links":{"self":[{"href":"https:\/\/diarioregionaldigital.com.br\/index.php?rest_route=\/wp\/v2\/posts\/89322","targetHints":{"allow":["GET"]}}],"collection":[{"href":"https:\/\/diarioregionaldigital.com.br\/index.php?rest_route=\/wp\/v2\/posts"}],"about":[{"href":"https:\/\/diarioregionaldigital.com.br\/index.php?rest_route=\/wp\/v2\/types\/post"}],"author":[{"embeddable":true,"href":"https:\/\/diarioregionaldigital.com.br\/index.php?rest_route=\/wp\/v2\/users\/96"}],"replies":[{"embeddable":true,"href":"https:\/\/diarioregionaldigital.com.br\/index.php?rest_route=%2Fwp%2Fv2%2Fcomments&post=89322"}],"version-history":[{"count":0,"href":"https:\/\/diarioregionaldigital.com.br\/index.php?rest_route=\/wp\/v2\/posts\/89322\/revisions"}],"wp:featuredmedia":[{"embeddable":true,"href":"https:\/\/diarioregionaldigital.com.br\/index.php?rest_route=\/wp\/v2\/media\/89321"}],"wp:attachment":[{"href":"https:\/\/diarioregionaldigital.com.br\/index.php?rest_route=%2Fwp%2Fv2%2Fmedia&parent=89322"}],"wp:term":[{"taxonomy":"category","embeddable":true,"href":"https:\/\/diarioregionaldigital.com.br\/index.php?rest_route=%2Fwp%2Fv2%2Fcategories&post=89322"},{"taxonomy":"post_tag","embeddable":true,"href":"https:\/\/diarioregionaldigital.com.br\/index.php?rest_route=%2Fwp%2Fv2%2Ftags&post=89322"}],"curies":[{"name":"wp","href":"https:\/\/api.w.org\/{rel}","templated":true}]}}