{"id":89320,"date":"2018-01-11T18:44:47","date_gmt":"2018-01-11T20:44:47","guid":{"rendered":"http:\/\/diarioregionaljf.com.br\/2018\/01\/11\/vigia-troca-tiros-com-assaltantes-durante-tentativa-de-arrombamento-a-caixa-eletronico-em-dores-do-turvo\/"},"modified":"2018-01-11T18:44:47","modified_gmt":"2018-01-11T20:44:47","slug":"vigia-troca-tiros-com-assaltantes-durante-tentativa-de-arrombamento-a-caixa-eletronico-em-dores-do-turvo","status":"publish","type":"post","link":"https:\/\/diarioregionaldigital.com.br\/?p=89320","title":{"rendered":"Vigia troca tiros com assaltantes durante tentativa de arrombamento \u00e0 caixa eletr\u00f4nico em Dores do Turvo"},"content":{"rendered":"<p>Um jovem de 21 anos foi preso pela Pol\u00edcia Militar (PM) ap\u00f3s participar de uma tentativa de arrombamento a um caixa eletr\u00f4nico na Pra\u00e7a C\u00f4nego Agostinho Jose de Rezende, regi\u00e3o central de Dores do Turvo (a cerca de 118 Km de JF), na madrugada desta quinta-feira, 11. Outras quatro pessoas estariam envolvidas na a\u00e7\u00e3o criminosa, mas n\u00e3o foram localizadas. Na resid\u00eancia do suspeito detido, os militares apreenderam armas e o ve\u00edculo utilizado pelos autores na fuga.<\/p>\n<p>Segundo informa\u00e7\u00f5es da PM, um seguran\u00e7a do posto de atendimento reside pr\u00f3ximo ao local e relatou ter ouvido barulhos vindos de l\u00e1. Ao se dirigir \u00e0 pra\u00e7a, se deparou com quatro ou cinco indiv\u00edduos que tentavam arrombar o caixa eletr\u00f4nico com uma marreta. Segundo o vigia, os autores j\u00e1 haviam arrombado a porta do estabelecimento de acesso \u00e0 m\u00e1quina.<\/p>\n<p>O seguran\u00e7a iniciou uma troca de tiro com os autores, que acabaram fugindo em uma caminhonete, sentido a zona rural do munic\u00edpio.<\/p>\n<p>No local do ocorrido, os policiais localizaram cerca de 46 c\u00e1psulas de calibres 38, .40, 12 e 9 mm, al\u00e9m verificarem a exist\u00eancia de emuls\u00e3o explosiva.<\/p>\n<p>Os militares se dirigiram \u00e0 resid\u00eancia do jovem de 21 anos ap\u00f3s o mesmo ter sido identificado pelo vigia durante a troca de tiros. No im\u00f3vel, foram localizadas quatro pistolas, sendo tr\u00eas calibre .40 e uma 9 mm; dois rev\u00f3lveres calibre .38, duas espingardas calibre 12, dois coletes bal\u00edsticos, grande quantidade de muni\u00e7\u00f5es e a caminhonete usada na fuga.<\/p>\n<p>Questionado, o autor relatou que os outros quatro envolvidos s\u00e3o de Belo Horizonte. Eles teriam fugido por uma mata e a PM segue fazendo rastreamento, com aux\u00edlio de um helic\u00f3ptero.<\/p>\n<p>Ainda segundo a Pol\u00edcia Militar, foram realizadas buscas na casa do irm\u00e3o do suspeito, sendo localizados um rev\u00f3lver e muni\u00e7\u00f5es.<\/p>\n","protected":false},"excerpt":{"rendered":"<p>Um jovem de 21 anos foi preso pela Pol\u00edcia Militar (PM) ap\u00f3s participar de uma tentativa de arrombamento a um caixa eletr\u00f4nico na Pra\u00e7a C\u00f4nego Agostinho Jose de Rezende, regi\u00e3o central de Dores do Turvo (a cerca de 118 Km de JF), na madrugada desta quinta-feira, 11. Outras quatro pessoas estariam envolvidas na a\u00e7\u00e3o criminosa, [&hellip;]<\/p>\n","protected":false},"author":96,"featured_media":89319,"comment_status":"closed","ping_status":"closed","sticky":false,"template":"","format":"standard","meta":{"footnotes":""},"categories":[252],"tags":[],"class_list":["post-89320","post","type-post","status-publish","format-standard","has-post-thumbnail","hentry","category-regiao"],"_links":{"self":[{"href":"https:\/\/diarioregionaldigital.com.br\/index.php?rest_route=\/wp\/v2\/posts\/89320","targetHints":{"allow":["GET"]}}],"collection":[{"href":"https:\/\/diarioregionaldigital.com.br\/index.php?rest_route=\/wp\/v2\/posts"}],"about":[{"href":"https:\/\/diarioregionaldigital.com.br\/index.php?rest_route=\/wp\/v2\/types\/post"}],"author":[{"embeddable":true,"href":"https:\/\/diarioregionaldigital.com.br\/index.php?rest_route=\/wp\/v2\/users\/96"}],"replies":[{"embeddable":true,"href":"https:\/\/diarioregionaldigital.com.br\/index.php?rest_route=%2Fwp%2Fv2%2Fcomments&post=89320"}],"version-history":[{"count":0,"href":"https:\/\/diarioregionaldigital.com.br\/index.php?rest_route=\/wp\/v2\/posts\/89320\/revisions"}],"wp:featuredmedia":[{"embeddable":true,"href":"https:\/\/diarioregionaldigital.com.br\/index.php?rest_route=\/wp\/v2\/media\/89319"}],"wp:attachment":[{"href":"https:\/\/diarioregionaldigital.com.br\/index.php?rest_route=%2Fwp%2Fv2%2Fmedia&parent=89320"}],"wp:term":[{"taxonomy":"category","embeddable":true,"href":"https:\/\/diarioregionaldigital.com.br\/index.php?rest_route=%2Fwp%2Fv2%2Fcategories&post=89320"},{"taxonomy":"post_tag","embeddable":true,"href":"https:\/\/diarioregionaldigital.com.br\/index.php?rest_route=%2Fwp%2Fv2%2Ftags&post=89320"}],"curies":[{"name":"wp","href":"https:\/\/api.w.org\/{rel}","templated":true}]}}