{"id":89318,"date":"2018-01-11T18:44:03","date_gmt":"2018-01-11T20:44:03","guid":{"rendered":"http:\/\/diarioregionaljf.com.br\/2018\/01\/11\/professores-poderao-ser-incluidos-em-transporte-escolar-de-alunos\/"},"modified":"2018-01-11T18:44:03","modified_gmt":"2018-01-11T20:44:03","slug":"professores-poderao-ser-incluidos-em-transporte-escolar-de-alunos","status":"publish","type":"post","link":"https:\/\/diarioregionaldigital.com.br\/?p=89318","title":{"rendered":"Professores poder\u00e3o ser inclu\u00eddos em transporte escolar de alunos"},"content":{"rendered":"<p>Professores podem vir a ser beneficiados com vagas no transporte escolar gratuito oferecido aos alunos. \u00c9 o que estabelece projeto pronto para ser votado na Comiss\u00e3o de Constitui\u00e7\u00e3o, Justi\u00e7a e Cidadania (CCJ) do Senado. O texto permite o uso do transporte pelos professores, desde que existam assentos vagos e que n\u00e3o haja altera\u00e7\u00e3o da rota.<\/p>\n<p>O Projeto de Lei da C\u00e2mara (PLC) 19\/2012 determina que, al\u00e9m de arcar com o transporte escolar dos estudantes de suas redes escolares, estados e munic\u00edpios devem permitir aos professores da respectiva rede o uso de assentos vagos dispon\u00edveis nos ve\u00edculos nos trechos autorizados. De acordo com o deputado Renato Molling (PP-RS), autor do texto, a medida n\u00e3o traz impacto aos or\u00e7amentos estaduais e municipais.<\/p>\n<p>De acordo com o deputado, os professores, especialmente da zona rural, precisam fazer deslocamentos semelhantes aos feitos pelos alunos, mas seus sal\u00e1rios, muitas vezes baixos, tornam as despesas de transporte pesadas. A iniciativa representaria, ainda, um primeiro passo para a gratuidade total do transporte aos docentes.<\/p>\n<p>&nbsp;<\/p>\n<h4>DIREITO \u00c0 EDUCA\u00c7\u00c3O<\/h4>\n<p>No relat\u00f3rio pela aprova\u00e7\u00e3o do projeto, o senador Paulo Paim (PT-RS) argumentou que o texto pode ajudar a concretizar o direito constitucional \u00e0 educa\u00e7\u00e3o. &#8220;N\u00e3o se pode impor ao professor que financie, com os pr\u00f3prios recursos, longos deslocamentos \u00e0s escolas nas quais atuam, mormente considerada a realidade remunerat\u00f3ria desses trabalhadores e, ainda mais, a expressiva dist\u00e2ncia a separar as escolas dos locais de resid\u00eancia dos docentes, principalmente em zona rural&#8221;, observou o senador.<\/p>\n<p>Ele recomenda a aprova\u00e7\u00e3o do texto apenas com emendas de reda\u00e7\u00e3o j\u00e1 aprovadas pela Comiss\u00e3o de Educa\u00e7\u00e3o, Cultura e Esporte (CE). Se for aprovado assim pela CCJ e n\u00e3o receber recurso para a vota\u00e7\u00e3o em plen\u00e1rio, o texto ir\u00e1 para a san\u00e7\u00e3o presidencial.<\/p>\n<p>Fonte: Ag\u00eancia Senado<\/p>\n","protected":false},"excerpt":{"rendered":"<p>Professores podem vir a ser beneficiados com vagas no transporte escolar gratuito oferecido aos alunos. \u00c9 o que estabelece projeto pronto para ser votado na Comiss\u00e3o de Constitui\u00e7\u00e3o, Justi\u00e7a e Cidadania (CCJ) do Senado. O texto permite o uso do transporte pelos professores, desde que existam assentos vagos e que n\u00e3o haja altera\u00e7\u00e3o da rota. [&hellip;]<\/p>\n","protected":false},"author":96,"featured_media":89317,"comment_status":"closed","ping_status":"closed","sticky":false,"template":"","format":"standard","meta":{"footnotes":""},"categories":[254],"tags":[],"class_list":["post-89318","post","type-post","status-publish","format-standard","has-post-thumbnail","hentry","category-politica"],"_links":{"self":[{"href":"https:\/\/diarioregionaldigital.com.br\/index.php?rest_route=\/wp\/v2\/posts\/89318","targetHints":{"allow":["GET"]}}],"collection":[{"href":"https:\/\/diarioregionaldigital.com.br\/index.php?rest_route=\/wp\/v2\/posts"}],"about":[{"href":"https:\/\/diarioregionaldigital.com.br\/index.php?rest_route=\/wp\/v2\/types\/post"}],"author":[{"embeddable":true,"href":"https:\/\/diarioregionaldigital.com.br\/index.php?rest_route=\/wp\/v2\/users\/96"}],"replies":[{"embeddable":true,"href":"https:\/\/diarioregionaldigital.com.br\/index.php?rest_route=%2Fwp%2Fv2%2Fcomments&post=89318"}],"version-history":[{"count":0,"href":"https:\/\/diarioregionaldigital.com.br\/index.php?rest_route=\/wp\/v2\/posts\/89318\/revisions"}],"wp:featuredmedia":[{"embeddable":true,"href":"https:\/\/diarioregionaldigital.com.br\/index.php?rest_route=\/wp\/v2\/media\/89317"}],"wp:attachment":[{"href":"https:\/\/diarioregionaldigital.com.br\/index.php?rest_route=%2Fwp%2Fv2%2Fmedia&parent=89318"}],"wp:term":[{"taxonomy":"category","embeddable":true,"href":"https:\/\/diarioregionaldigital.com.br\/index.php?rest_route=%2Fwp%2Fv2%2Fcategories&post=89318"},{"taxonomy":"post_tag","embeddable":true,"href":"https:\/\/diarioregionaldigital.com.br\/index.php?rest_route=%2Fwp%2Fv2%2Ftags&post=89318"}],"curies":[{"name":"wp","href":"https:\/\/api.w.org\/{rel}","templated":true}]}}