{"id":89314,"date":"2018-01-11T18:17:25","date_gmt":"2018-01-11T20:17:25","guid":{"rendered":"http:\/\/diarioregionaljf.com.br\/2018\/01\/11\/de-acordo-com-a-receita-federal-orcamento-de-2018-nao-preve-correcao-da-tabela-do-ir\/"},"modified":"2018-01-11T18:17:25","modified_gmt":"2018-01-11T20:17:25","slug":"de-acordo-com-a-receita-federal-orcamento-de-2018-nao-preve-correcao-da-tabela-do-ir","status":"publish","type":"post","link":"https:\/\/diarioregionaldigital.com.br\/?p=89314","title":{"rendered":"De acordo com a Receita Federal or\u00e7amento de 2018 n\u00e3o prev\u00ea corre\u00e7\u00e3o da tabela do IR"},"content":{"rendered":"<p>Sem corre\u00e7\u00e3o h\u00e1 tr\u00eas anos, a tabela do Imposto de Renda Pessoa F\u00edsica (IRPF) passar\u00e1 mais um ano sem reajuste, informou hoje, 11, a Receita Federal. Para este ano, a faixa de isen\u00e7\u00e3o continuar\u00e1 em vigor apenas para quem recebe at\u00e9 R$1.903,98.<\/p>\n<p>De acordo com c\u00e1lculos do Sindicato Nacional dos Auditores Fiscais da Receita Nacional (Sindifisco Nacional), a defasagem acumulada da tabela do Imposto de Renda entre 1996 e 2017 chega a 88,4%, se a corre\u00e7\u00e3o pela infla\u00e7\u00e3o oficial pelo \u00cdndice Nacional de Pre\u00e7os ao Consumidor Amplo (IPCA) tivesse sido aplicada todos os anos.<\/p>\n<p>De acordo com o Sindifisco Nacional, se toda a defasagem tivesse sido reposta, a faixa de isen\u00e7\u00e3o para o Imposto de Renda seria aplicada para quem ganha at\u00e9 R$3.556,56. O desconto&nbsp;por dependente subiria de R$2.275,08 para R$4.286,28 por ano. O valor deduzido com gastos de educa\u00e7\u00e3o chegaria a R$6.709,90, contra R$3.561,50 atualmente.<\/p>\n<p>Em nota, o Sindifisco Nacional informou que a defasagem de quase 90% da tabela do Imposto de Renda achata a renda do trabalhador. \u201cSe a faixa de isen\u00e7\u00e3o atual chega aos contribuintes que ganham at\u00e9 R$1.903,98, corrigida, livraria todo assalariado que ganha at\u00e9 R$3.556,56 de reter imposto na fonte. Representa dizer que essa diferen\u00e7a de R$1.652,58 pune as camadas de mais baixa renda. Importante lembrar que a tabela do IRPF n\u00e3o \u00e9 reajustada desde 2016 [ano-base 2015]\u201d, destacou a entidade.<\/p>\n<p>Para a entidade, o achatamento s\u00f3 n\u00e3o foi maior porque o IPCA de 2017 ficou em 2,95%, um dos valores mais baixos em 20 anos.<\/p>\n<p>A Receita informou que n\u00e3o comentar\u00e1 os c\u00e1lculos do Sindifisco Nacional.<\/p>\n<hr \/>\n<p>&nbsp;Fonte:Ag\u00eancia Brasil<\/p>\n","protected":false},"excerpt":{"rendered":"<p>Sem corre\u00e7\u00e3o h\u00e1 tr\u00eas anos, a tabela do Imposto de Renda Pessoa F\u00edsica (IRPF) passar\u00e1 mais um ano sem reajuste, informou hoje, 11, a Receita Federal. Para este ano, a faixa de isen\u00e7\u00e3o continuar\u00e1 em vigor apenas para quem recebe at\u00e9 R$1.903,98. De acordo com c\u00e1lculos do Sindicato Nacional dos Auditores Fiscais da Receita Nacional [&hellip;]<\/p>\n","protected":false},"author":96,"featured_media":89313,"comment_status":"closed","ping_status":"closed","sticky":false,"template":"","format":"standard","meta":{"footnotes":""},"categories":[261],"tags":[],"class_list":["post-89314","post","type-post","status-publish","format-standard","has-post-thumbnail","hentry","category-economia"],"_links":{"self":[{"href":"https:\/\/diarioregionaldigital.com.br\/index.php?rest_route=\/wp\/v2\/posts\/89314","targetHints":{"allow":["GET"]}}],"collection":[{"href":"https:\/\/diarioregionaldigital.com.br\/index.php?rest_route=\/wp\/v2\/posts"}],"about":[{"href":"https:\/\/diarioregionaldigital.com.br\/index.php?rest_route=\/wp\/v2\/types\/post"}],"author":[{"embeddable":true,"href":"https:\/\/diarioregionaldigital.com.br\/index.php?rest_route=\/wp\/v2\/users\/96"}],"replies":[{"embeddable":true,"href":"https:\/\/diarioregionaldigital.com.br\/index.php?rest_route=%2Fwp%2Fv2%2Fcomments&post=89314"}],"version-history":[{"count":0,"href":"https:\/\/diarioregionaldigital.com.br\/index.php?rest_route=\/wp\/v2\/posts\/89314\/revisions"}],"wp:featuredmedia":[{"embeddable":true,"href":"https:\/\/diarioregionaldigital.com.br\/index.php?rest_route=\/wp\/v2\/media\/89313"}],"wp:attachment":[{"href":"https:\/\/diarioregionaldigital.com.br\/index.php?rest_route=%2Fwp%2Fv2%2Fmedia&parent=89314"}],"wp:term":[{"taxonomy":"category","embeddable":true,"href":"https:\/\/diarioregionaldigital.com.br\/index.php?rest_route=%2Fwp%2Fv2%2Fcategories&post=89314"},{"taxonomy":"post_tag","embeddable":true,"href":"https:\/\/diarioregionaldigital.com.br\/index.php?rest_route=%2Fwp%2Fv2%2Ftags&post=89314"}],"curies":[{"name":"wp","href":"https:\/\/api.w.org\/{rel}","templated":true}]}}