{"id":89312,"date":"2018-01-11T18:12:15","date_gmt":"2018-01-11T20:12:15","guid":{"rendered":"http:\/\/diarioregionaljf.com.br\/2018\/01\/11\/uniao-renegociou-dividas-de-r-458-9-bilhoes-de-18-estados\/"},"modified":"2018-01-11T18:12:15","modified_gmt":"2018-01-11T20:12:15","slug":"uniao-renegociou-dividas-de-r-458-9-bilhoes-de-18-estados","status":"publish","type":"post","link":"https:\/\/diarioregionaldigital.com.br\/?p=89312","title":{"rendered":"Uni\u00e3o renegociou d\u00edvidas de R$458,9 bilh\u00f5es de 18 estados"},"content":{"rendered":"<p>O Tesouro Nacional divulgou hoje, 11, balan\u00e7o informando que 18 estados solicitaram a renegocia\u00e7\u00e3o das d\u00edvidas com a Uni\u00e3o, no valor total de R$458,9 bilh\u00f5es. Os pedidos foram todos aprovados. Nas contas do Tesouro, isso dever\u00e1 resultar em uma redu\u00e7\u00e3o potencial no fluxo de pagamentos da d\u00edvida com a Uni\u00e3o de R$44,7 bilh\u00f5es de julho de 2016 a junho deste ano.<\/p>\n<p>Os estados que solicitaram a renegocia\u00e7\u00e3o foram Acre, Alagoas, Cear\u00e1, Esp\u00edrito Santo, Goi\u00e1s, Mato Grosso, Mato Grosso do Sul, Minas Gerais, Par\u00e1, Para\u00edba, Paran\u00e1, Pernambuco, Rio de Janeiro, Rio Grande do Sul, Rond\u00f4nia, Santa Catarina, S\u00e3o Paulo e Sergipe. Todos eles ter\u00e3o a d\u00edvida alongada em 240 meses.<\/p>\n<p>A renegocia\u00e7\u00e3o se d\u00e1 no \u00e2mbito da Lei Complementar n\u00ba 156\/2016, resultado do Acordo Federativo celebrado entre a Uni\u00e3o e os estados em 20 de junho de 2016.<\/p>\n<p>Al\u00e9m do alongamento de d\u00edvidas com a Uni\u00e3o referentes a duas leis anteriores (9.496\/97 e 8.727\/93), a nova lei complementar prev\u00ea a renegocia\u00e7\u00e3o de linhas de cr\u00e9dito com recursos do Banco Nacional do Desenvolvimento (BNDES) e a ades\u00e3o ao Novo Programa de Apoio \u00e0 Reestrutura\u00e7\u00e3o e ao Ajuste fiscal dos Estados (PAF). O prazo legal para o alongamento das d\u00edvidas com a Uni\u00e3o e de linhas de cr\u00e9dito com recursos do BNDES terminou em 23 de dezembro.<\/p>\n<p>No \u00e2mbito da Lei 9.496\/97, em contrapartida ao alongamento da d\u00edvida com a Uni\u00e3o, a lei complementar previu que os estados institu\u00edssem um teto para as despesas prim\u00e1rias correntes por dois anos. Segundo o Tesouro, todos os 18 que solicitaram a renegocia\u00e7\u00e3o, num valor total de R$ 458,9 bilh\u00f5es, publicaram lei de teto de gastos. J\u00e1 no \u00e2mbito da Lei 8.727\/93, apenas Goi\u00e1s solicitou o alongamento de sua d\u00edvida de R$ 4,9 bilh\u00f5es.<\/p>\n<p>Em rela\u00e7\u00e3o ao alongamento das d\u00edvidas com o BNDES, tamb\u00e9m 18 estados fizeram o pedido, somando 88 contratos no valor de R$14,9 bilh\u00f5es. Os estados foram Acre, Alagoas, Amap\u00e1, Bahia, Cear\u00e1, Esp\u00edrito Santo, Maranh\u00e3o, Mato Grosso, Mato Grosso do Sul, Minas Gerais, Para\u00edba, Paran\u00e1, Pernambuco, Piau\u00ed, Rio Grande do Sul, Santa Catarina, S\u00e3o Paulo e Sergipe.<\/p>\n<p>Ainda segundo o Tesouro, apenas o Distrito Federal, Amazonas e Roraima n\u00e3o aderiram ao Novo PAF, programa que busca promover a transpar\u00eancia por meio da converg\u00eancia dos compromissos e metas para os padr\u00f5es da Lei de Responsabilidade Fiscal (LRF).<\/p>\n<hr \/>\n<p>&nbsp;Fonte: Ag\u00eancia Brasil<\/p>\n","protected":false},"excerpt":{"rendered":"<p>O Tesouro Nacional divulgou hoje, 11, balan\u00e7o informando que 18 estados solicitaram a renegocia\u00e7\u00e3o das d\u00edvidas com a Uni\u00e3o, no valor total de R$458,9 bilh\u00f5es. Os pedidos foram todos aprovados. Nas contas do Tesouro, isso dever\u00e1 resultar em uma redu\u00e7\u00e3o potencial no fluxo de pagamentos da d\u00edvida com a Uni\u00e3o de R$44,7 bilh\u00f5es de julho [&hellip;]<\/p>\n","protected":false},"author":96,"featured_media":89311,"comment_status":"closed","ping_status":"closed","sticky":false,"template":"","format":"standard","meta":{"footnotes":""},"categories":[261],"tags":[],"class_list":["post-89312","post","type-post","status-publish","format-standard","has-post-thumbnail","hentry","category-economia"],"_links":{"self":[{"href":"https:\/\/diarioregionaldigital.com.br\/index.php?rest_route=\/wp\/v2\/posts\/89312","targetHints":{"allow":["GET"]}}],"collection":[{"href":"https:\/\/diarioregionaldigital.com.br\/index.php?rest_route=\/wp\/v2\/posts"}],"about":[{"href":"https:\/\/diarioregionaldigital.com.br\/index.php?rest_route=\/wp\/v2\/types\/post"}],"author":[{"embeddable":true,"href":"https:\/\/diarioregionaldigital.com.br\/index.php?rest_route=\/wp\/v2\/users\/96"}],"replies":[{"embeddable":true,"href":"https:\/\/diarioregionaldigital.com.br\/index.php?rest_route=%2Fwp%2Fv2%2Fcomments&post=89312"}],"version-history":[{"count":0,"href":"https:\/\/diarioregionaldigital.com.br\/index.php?rest_route=\/wp\/v2\/posts\/89312\/revisions"}],"wp:featuredmedia":[{"embeddable":true,"href":"https:\/\/diarioregionaldigital.com.br\/index.php?rest_route=\/wp\/v2\/media\/89311"}],"wp:attachment":[{"href":"https:\/\/diarioregionaldigital.com.br\/index.php?rest_route=%2Fwp%2Fv2%2Fmedia&parent=89312"}],"wp:term":[{"taxonomy":"category","embeddable":true,"href":"https:\/\/diarioregionaldigital.com.br\/index.php?rest_route=%2Fwp%2Fv2%2Fcategories&post=89312"},{"taxonomy":"post_tag","embeddable":true,"href":"https:\/\/diarioregionaldigital.com.br\/index.php?rest_route=%2Fwp%2Fv2%2Ftags&post=89312"}],"curies":[{"name":"wp","href":"https:\/\/api.w.org\/{rel}","templated":true}]}}