{"id":89310,"date":"2018-01-11T18:08:26","date_gmt":"2018-01-11T20:08:26","guid":{"rendered":"http:\/\/diarioregionaljf.com.br\/2018\/01\/11\/inadimplencia-do-consumidor-brasileiro-caiu-3-5-em-2017\/"},"modified":"2018-01-11T18:08:26","modified_gmt":"2018-01-11T20:08:26","slug":"inadimplencia-do-consumidor-brasileiro-caiu-3-5-em-2017","status":"publish","type":"post","link":"https:\/\/diarioregionaldigital.com.br\/?p=89310","title":{"rendered":"Inadimpl\u00eancia do consumidor brasileiro caiu 3,5% em 2017"},"content":{"rendered":"<p>A inadimpl\u00eancia do consumidor brasileiro caiu 3,5% durante o ano passado, de acordo pesquisa da Boa Vista Servi\u00e7o Central de Prote\u00e7\u00e3o ao Cr\u00e9dito (SCPC). Em dezembro, houve queda de 4,5% na compara\u00e7\u00e3o com novembro e redu\u00e7\u00e3o de 6% em rela\u00e7\u00e3o a dezembro de 2016.<\/p>\n<p>Na compara\u00e7\u00e3o por regi\u00f5es, foi registrada queda no Nordeste (-5,4%), Sudeste (-3,9%), Norte (-3,0%) e Centro-Oeste (-3,3%). A Regi\u00e3o Sul foi a \u00fanica a apresentar alta, de 0,6%.<\/p>\n<p>O estudo foi realizado com base na entrada de novas d\u00edvidas vencidas e n\u00e3o pagas no banco de dados Boa Vista SCPC.<\/p>\n<p>Na avalia\u00e7\u00e3o da entidade, as quedas t\u00eam rela\u00e7\u00e3o com a redu\u00e7\u00e3o do consumo devido \u00e0 crise econ\u00f4mica. \u201cCom a perspectiva de crescimento gradual da economia e renda, juros menores e infla\u00e7\u00e3o controlada, espera-se uma retomada sustent\u00e1vel da demanda de cr\u00e9dito, fatores que dever\u00e3o colaborar para a manuten\u00e7\u00e3o de um ritmo est\u00e1vel do estoque de inadimpl\u00eancia em 2017\u201d, prev\u00ea a Boa Vista SCPC.<\/p>\n<hr \/>\n<p>&nbsp;Fonte: Ag\u00eancia Brasil<\/p>\n","protected":false},"excerpt":{"rendered":"<p>A inadimpl\u00eancia do consumidor brasileiro caiu 3,5% durante o ano passado, de acordo pesquisa da Boa Vista Servi\u00e7o Central de Prote\u00e7\u00e3o ao Cr\u00e9dito (SCPC). Em dezembro, houve queda de 4,5% na compara\u00e7\u00e3o com novembro e redu\u00e7\u00e3o de 6% em rela\u00e7\u00e3o a dezembro de 2016. Na compara\u00e7\u00e3o por regi\u00f5es, foi registrada queda no Nordeste (-5,4%), Sudeste [&hellip;]<\/p>\n","protected":false},"author":96,"featured_media":89309,"comment_status":"closed","ping_status":"closed","sticky":false,"template":"","format":"standard","meta":{"footnotes":""},"categories":[261],"tags":[],"class_list":["post-89310","post","type-post","status-publish","format-standard","has-post-thumbnail","hentry","category-economia"],"_links":{"self":[{"href":"https:\/\/diarioregionaldigital.com.br\/index.php?rest_route=\/wp\/v2\/posts\/89310","targetHints":{"allow":["GET"]}}],"collection":[{"href":"https:\/\/diarioregionaldigital.com.br\/index.php?rest_route=\/wp\/v2\/posts"}],"about":[{"href":"https:\/\/diarioregionaldigital.com.br\/index.php?rest_route=\/wp\/v2\/types\/post"}],"author":[{"embeddable":true,"href":"https:\/\/diarioregionaldigital.com.br\/index.php?rest_route=\/wp\/v2\/users\/96"}],"replies":[{"embeddable":true,"href":"https:\/\/diarioregionaldigital.com.br\/index.php?rest_route=%2Fwp%2Fv2%2Fcomments&post=89310"}],"version-history":[{"count":0,"href":"https:\/\/diarioregionaldigital.com.br\/index.php?rest_route=\/wp\/v2\/posts\/89310\/revisions"}],"wp:featuredmedia":[{"embeddable":true,"href":"https:\/\/diarioregionaldigital.com.br\/index.php?rest_route=\/wp\/v2\/media\/89309"}],"wp:attachment":[{"href":"https:\/\/diarioregionaldigital.com.br\/index.php?rest_route=%2Fwp%2Fv2%2Fmedia&parent=89310"}],"wp:term":[{"taxonomy":"category","embeddable":true,"href":"https:\/\/diarioregionaldigital.com.br\/index.php?rest_route=%2Fwp%2Fv2%2Fcategories&post=89310"},{"taxonomy":"post_tag","embeddable":true,"href":"https:\/\/diarioregionaldigital.com.br\/index.php?rest_route=%2Fwp%2Fv2%2Ftags&post=89310"}],"curies":[{"name":"wp","href":"https:\/\/api.w.org\/{rel}","templated":true}]}}