{"id":89306,"date":"2018-01-11T18:01:55","date_gmt":"2018-01-11T20:01:55","guid":{"rendered":"http:\/\/diarioregionaljf.com.br\/2018\/01\/11\/juiz-federal-suspende-medida-provisoria-que-permitia-privatizacao-da-eletrobras\/"},"modified":"2018-01-11T18:01:55","modified_gmt":"2018-01-11T20:01:55","slug":"juiz-federal-suspende-medida-provisoria-que-permitia-privatizacao-da-eletrobras","status":"publish","type":"post","link":"https:\/\/diarioregionaldigital.com.br\/?p=89306","title":{"rendered":"Juiz federal suspende medida provis\u00f3ria que permitia privatiza\u00e7\u00e3o da Eletrobras"},"content":{"rendered":"<p>O juiz Carlos Kitner, da 6\u00aa Vara Federal de Recife, concedeu hoje (11) uma liminar (decis\u00e3o provis\u00f3ria) para suspender o Artigo 3\u00ba da Medida Provis\u00f3ria (MP) 817, editada em 29 dezembro de 2017, que retirava de uma das leis do setor el\u00e9trico a proibi\u00e7\u00e3o de privatiza\u00e7\u00e3o da Eletrobras e de suas subsidi\u00e1rias.<\/p>\n<p>A a\u00e7\u00e3o popular foi aberta pelo advogado Ant\u00f4nio Accioly Campos. Ele questionou a revoga\u00e7\u00e3o, pela MP, do Artigo 31 da Lei 10.848\/2014, que exclu\u00eda a Eletrobras e suas controladas (Furnas, Companhia Hidroel\u00e9trica do S\u00e3o Francisco, Eletronorte, Eletrosul e a Companhia de Gera\u00e7\u00e3o T\u00e9rmica de Energia El\u00e9trica) do Programa Nacional de Desestatiza\u00e7\u00e3o.<\/p>\n<p>Na decis\u00e3o, Kitner afirma que o governo federal n\u00e3o justificou a urg\u00eancia de editar uma MP \u201cno apagar das luzes\u201d do ano passado \u201cpara alterar de forma substancial a configura\u00e7\u00e3o do setor el\u00e9trico nacional\u201d.<\/p>\n<p>Segundo o juiz, apesar de haver estudos s\u00e9rios que atestam o crescente endividamento das empresas p\u00fablicas do setor el\u00e9trico, as leis sobre o setor n\u00e3o poderiam ser modificadas sem a \u201cimprescind\u00edvel\u201d participa\u00e7\u00e3o do Congresso Nacional nas delibera\u00e7\u00f5es sobre o tema.<\/p>\n<p>\u201cLado outro, a estrat\u00e9gia de governo federal de se valer do recesso do Parlamento e das principais institui\u00e7\u00f5es p\u00fablicas envolvidas, para editar uma medida provis\u00f3ria, por si s\u00f3, est\u00e1 a indicar que h\u00e1 risco iminente de aliena\u00e7\u00e3o \u00e0 iniciativa privada das estatais do setor el\u00e9trico, sem o devido respeito \u00e0s regras constitucionais de edi\u00e7\u00e3o de leis ordin\u00e1rias, caso n\u00e3o intervenha o Poder Judici\u00e1rio\u201d, escreveu o juiz.<\/p>\n<p>Ele pediu que uma outra a\u00e7\u00e3o sobre o mesmo assunto, aberta pelo deputado Danilo Cabral (PSB-PE), mas distribu\u00edda para outra Vara Federal, seja alvo da mesma decis\u00e3o, por preven\u00e7\u00e3o.<\/p>\n<p>Pernambuco abriga a sede da Companhia Hidrel\u00e9trica do S\u00e3o Francisco (Chesf), uma das principais subsidi\u00e1rias da Eletrobras. Ao menos desde os governos de Eduardo Campos (2006-2014), irm\u00e3o do advogado Ant\u00f4nio Campos, a empresa tem a ocupa\u00e7\u00e3o de seus cargos influenciada pelo PSB.<\/p>\n<p>Procurada, a Advocacia-Geral da Uni\u00e3o (AGU) informou que vai recorrer da decis\u00e3o. O Minist\u00e9rio de Minas e Energia ainda n\u00e3o se pronunciou.<\/p>\n<hr \/>\n<p>&nbsp;Fonte: Ag\u00eancia Brasil<\/p>\n","protected":false},"excerpt":{"rendered":"<p>O juiz Carlos Kitner, da 6\u00aa Vara Federal de Recife, concedeu hoje (11) uma liminar (decis\u00e3o provis\u00f3ria) para suspender o Artigo 3\u00ba da Medida Provis\u00f3ria (MP) 817, editada em 29 dezembro de 2017, que retirava de uma das leis do setor el\u00e9trico a proibi\u00e7\u00e3o de privatiza\u00e7\u00e3o da Eletrobras e de suas subsidi\u00e1rias. A a\u00e7\u00e3o popular [&hellip;]<\/p>\n","protected":false},"author":96,"featured_media":89305,"comment_status":"closed","ping_status":"closed","sticky":false,"template":"","format":"standard","meta":{"footnotes":""},"categories":[261],"tags":[],"class_list":["post-89306","post","type-post","status-publish","format-standard","has-post-thumbnail","hentry","category-economia"],"_links":{"self":[{"href":"https:\/\/diarioregionaldigital.com.br\/index.php?rest_route=\/wp\/v2\/posts\/89306","targetHints":{"allow":["GET"]}}],"collection":[{"href":"https:\/\/diarioregionaldigital.com.br\/index.php?rest_route=\/wp\/v2\/posts"}],"about":[{"href":"https:\/\/diarioregionaldigital.com.br\/index.php?rest_route=\/wp\/v2\/types\/post"}],"author":[{"embeddable":true,"href":"https:\/\/diarioregionaldigital.com.br\/index.php?rest_route=\/wp\/v2\/users\/96"}],"replies":[{"embeddable":true,"href":"https:\/\/diarioregionaldigital.com.br\/index.php?rest_route=%2Fwp%2Fv2%2Fcomments&post=89306"}],"version-history":[{"count":0,"href":"https:\/\/diarioregionaldigital.com.br\/index.php?rest_route=\/wp\/v2\/posts\/89306\/revisions"}],"wp:featuredmedia":[{"embeddable":true,"href":"https:\/\/diarioregionaldigital.com.br\/index.php?rest_route=\/wp\/v2\/media\/89305"}],"wp:attachment":[{"href":"https:\/\/diarioregionaldigital.com.br\/index.php?rest_route=%2Fwp%2Fv2%2Fmedia&parent=89306"}],"wp:term":[{"taxonomy":"category","embeddable":true,"href":"https:\/\/diarioregionaldigital.com.br\/index.php?rest_route=%2Fwp%2Fv2%2Fcategories&post=89306"},{"taxonomy":"post_tag","embeddable":true,"href":"https:\/\/diarioregionaldigital.com.br\/index.php?rest_route=%2Fwp%2Fv2%2Ftags&post=89306"}],"curies":[{"name":"wp","href":"https:\/\/api.w.org\/{rel}","templated":true}]}}