{"id":89304,"date":"2018-01-11T18:00:28","date_gmt":"2018-01-11T20:00:28","guid":{"rendered":"http:\/\/diarioregionaljf.com.br\/2018\/01\/11\/setor-de-franquias-cresce-8-em-2017-e-preve-alta-de-9-no-faturamento-em-2018\/"},"modified":"2018-01-11T18:00:28","modified_gmt":"2018-01-11T20:00:28","slug":"setor-de-franquias-cresce-8-em-2017-e-preve-alta-de-9-no-faturamento-em-2018","status":"publish","type":"post","link":"https:\/\/diarioregionaldigital.com.br\/?p=89304","title":{"rendered":"Setor de franquias cresce 8% em 2017 e prev\u00ea alta de 9% no faturamento em 2018"},"content":{"rendered":"<p>O setor de franquias cresceu 8% em 2017 na compara\u00e7\u00e3o com o ano anterior, saltando de R$151,2 bilh\u00f5es para cerca de R$163 bilh\u00f5es, segundo balan\u00e7o parcial da Associa\u00e7\u00e3o Brasileira de Franchising (ABF) divulgado hoje, 11 em S\u00e3o Paulo. \u201cOs sinais de melhora da economia brasileira, especialmente leve recupera\u00e7\u00e3o da renda e consumo, se refletiram no setor de franquias ao longo do ano passado\u201d, avaliou a entidade.<\/p>\n<p>Para o presidente da ABF, Altino Cristofoletti Junior, al\u00e9m do quadro macroecon\u00f4mico, o ano foi marcado por tr\u00eas movimentos: a progressiva diversifica\u00e7\u00e3o de canais, modelos e localiza\u00e7\u00e3o; a interioriza\u00e7\u00e3o do franchising; e o crescimento de franqueados multiunidade.<\/p>\n<p>\u201cA busca por efici\u00eancia, novos mercados e por atrair um consumidor receoso se traduziu em muita inova\u00e7\u00e3o: novas estrat\u00e9gias de venda, de configura\u00e7\u00e3o de ponto comercial, aprimoramentos em produtos e parcerias. Neste movimento, os franqueados com mais de uma unidade tiveram o importante papel de assumir lojas em dificuldade e as cidades do interior, a fun\u00e7\u00e3o de manter viva a expans\u00e3o\u201d, completa o presidente da ABF.<\/p>\n<p>J\u00e1 em rela\u00e7\u00e3o aos empregos gerados no setor, a pr\u00e9via sinaliza crescimento de 1%, alcan\u00e7ando cerca de 1,2 milh\u00e3o de trabalhadores diretos. A proje\u00e7\u00e3o \u00e9 de que, em 2018, haja um incremento de 3% no n\u00famero de empregos em franchising.<\/p>\n<p>Na avalia\u00e7\u00e3o do presidente da ABF, \u201ca baixa infla\u00e7\u00e3o, a queda da taxa b\u00e1sica de juros da economia (Selic), a melhora dos \u00edndices de confian\u00e7a do consumidor e do empresariado e a retomada do crescimento do varejo e da atividade industrial s\u00e3o alguns dos fatores que contribu\u00edram para o crescimento do franchising e que nos permitem projetar um desempenho mais positivo do setor em 2018\u201d. A proje\u00e7\u00e3o da entidade para este ano \u00e9 ampliar o faturamento entre 9% e 10%.<\/p>\n<p>\u00c9 o que espera o gerente-geral da Tutores, microfranquia especializada em refor\u00e7o escolar, Andr\u00e9 Luiz da Silva. \u201cPara 2018, a expectativa \u00e9 chegar em todas as capitais e terminar o ano com mais de 150 franquias e faturamento na casa do R$50 milh\u00f5es\u201d, diz Silva.<\/p>\n<p>Expectativa compartilhada pela diretora da Gin\u00e1stica do C\u00e9rebro, Nadia Benitez. A executiva da empresa de treinamento cognitivo e desenvolvimento cerebral, afirma que apesar das instabilidades da economia, a rede cresceu 50% em 2017 em rela\u00e7\u00e3o ao ano anterior e espera manter o crescimento este ano. \u201cA expectativa de crescimento da rede para 2018 \u00e9 de no m\u00ednimo dez novas unidades\u201d.<\/p>\n<h4>Alimenta\u00e7\u00e3o<\/h4>\n<p>Um estudo in\u00e9dito com o perfil das 50 maiores marcas de franquias no Brasil mostrou que, em termos de segmento de atua\u00e7\u00e3o, a predomin\u00e2ncia em 2017 foi do setor de Alimenta\u00e7\u00e3o (34%), seguido por Servi\u00e7os Educacionais (18%).<\/p>\n<p>De acordo com a entidade, o destaque foi o crescimento da participa\u00e7\u00e3o do segmento de Sa\u00fade, Beleza e Bem-Estar (de 12% para 16%). \u201cEste segmento vem apresentando desempenhos consistentes nos \u00faltimos trimestres e se mostrou aqui presente tamb\u00e9m, tanto com a manuten\u00e7\u00e3o da l\u00edder do setor, quanto pelo ingresso de duas novas redes deste segmento no grupo das maiores\u201d, explica o presidente da ABF.<\/p>\n<hr \/>\n<p>&nbsp;Fonte: Ag\u00eancia Brasil<\/p>\n","protected":false},"excerpt":{"rendered":"<p>O setor de franquias cresceu 8% em 2017 na compara\u00e7\u00e3o com o ano anterior, saltando de R$151,2 bilh\u00f5es para cerca de R$163 bilh\u00f5es, segundo balan\u00e7o parcial da Associa\u00e7\u00e3o Brasileira de Franchising (ABF) divulgado hoje, 11 em S\u00e3o Paulo. \u201cOs sinais de melhora da economia brasileira, especialmente leve recupera\u00e7\u00e3o da renda e consumo, se refletiram no [&hellip;]<\/p>\n","protected":false},"author":96,"featured_media":89303,"comment_status":"closed","ping_status":"closed","sticky":false,"template":"","format":"standard","meta":{"footnotes":""},"categories":[261],"tags":[],"class_list":["post-89304","post","type-post","status-publish","format-standard","has-post-thumbnail","hentry","category-economia"],"_links":{"self":[{"href":"https:\/\/diarioregionaldigital.com.br\/index.php?rest_route=\/wp\/v2\/posts\/89304","targetHints":{"allow":["GET"]}}],"collection":[{"href":"https:\/\/diarioregionaldigital.com.br\/index.php?rest_route=\/wp\/v2\/posts"}],"about":[{"href":"https:\/\/diarioregionaldigital.com.br\/index.php?rest_route=\/wp\/v2\/types\/post"}],"author":[{"embeddable":true,"href":"https:\/\/diarioregionaldigital.com.br\/index.php?rest_route=\/wp\/v2\/users\/96"}],"replies":[{"embeddable":true,"href":"https:\/\/diarioregionaldigital.com.br\/index.php?rest_route=%2Fwp%2Fv2%2Fcomments&post=89304"}],"version-history":[{"count":0,"href":"https:\/\/diarioregionaldigital.com.br\/index.php?rest_route=\/wp\/v2\/posts\/89304\/revisions"}],"wp:featuredmedia":[{"embeddable":true,"href":"https:\/\/diarioregionaldigital.com.br\/index.php?rest_route=\/wp\/v2\/media\/89303"}],"wp:attachment":[{"href":"https:\/\/diarioregionaldigital.com.br\/index.php?rest_route=%2Fwp%2Fv2%2Fmedia&parent=89304"}],"wp:term":[{"taxonomy":"category","embeddable":true,"href":"https:\/\/diarioregionaldigital.com.br\/index.php?rest_route=%2Fwp%2Fv2%2Fcategories&post=89304"},{"taxonomy":"post_tag","embeddable":true,"href":"https:\/\/diarioregionaldigital.com.br\/index.php?rest_route=%2Fwp%2Fv2%2Ftags&post=89304"}],"curies":[{"name":"wp","href":"https:\/\/api.w.org\/{rel}","templated":true}]}}