{"id":89302,"date":"2018-01-11T17:52:02","date_gmt":"2018-01-11T19:52:02","guid":{"rendered":"http:\/\/diarioregionaljf.com.br\/2018\/01\/11\/indice-que-reajusta-aluguel-tem-inflacao-de-0-75-na-previa-de-janeiro\/"},"modified":"2018-01-11T17:52:02","modified_gmt":"2018-01-11T19:52:02","slug":"indice-que-reajusta-aluguel-tem-inflacao-de-0-75-na-previa-de-janeiro","status":"publish","type":"post","link":"https:\/\/diarioregionaldigital.com.br\/?p=89302","title":{"rendered":"\u00cdndice que reajusta aluguel tem infla\u00e7\u00e3o de 0,75% na pr\u00e9via de janeiro"},"content":{"rendered":"<p>O \u00cdndice Geral de Pre\u00e7os-Mercado (IGP-M), usado no reajuste de contratos de aluguel, registrou taxa de infla\u00e7\u00e3o de 0,75% na primeira pr\u00e9via de janeiro deste ano.<\/p>\n<p>A taxa \u00e9 ligeiramente mais alta do que a anotada na primeira pr\u00e9via de dezembro (0,73%), segundo dados divulgados hoje, 11, no Rio de Janeiro, pela Funda\u00e7\u00e3o Getulio Vargas (FGV). Em 12 meses, o IGP-M acumula defla\u00e7\u00e3o (queda de pre\u00e7os) de 0,41%.<\/p>\n<p>A alta da taxa foi influenciada pelos pre\u00e7os no atacado, medidos pelo \u00cdndice de Pre\u00e7os ao Produtor Amplo, cuja infla\u00e7\u00e3o subiu de 0,96% em dezembro para 1,03% em janeiro. O \u00cdndice de Pre\u00e7os ao Consumidor, que analisa o varejo, manteve a mesma taxa de infla\u00e7\u00e3o nos dois per\u00edodos: 0,30%.<\/p>\n<p>J\u00e1 o \u00cdndice Nacional de Custo da Constru\u00e7\u00e3o caiu de 0,30% na pr\u00e9via de dezembro para 0,14% na pr\u00e9via de janeiro. A primeira pr\u00e9via de janeiro do IGP-M foi calculada com base em pre\u00e7os coletados entre os dias 21 e 31 de dezembro de 2017.<\/p>\n<hr \/>\n<p>&nbsp;Fonte: Ag\u00eancia Brasil<\/p>\n","protected":false},"excerpt":{"rendered":"<p>O \u00cdndice Geral de Pre\u00e7os-Mercado (IGP-M), usado no reajuste de contratos de aluguel, registrou taxa de infla\u00e7\u00e3o de 0,75% na primeira pr\u00e9via de janeiro deste ano. A taxa \u00e9 ligeiramente mais alta do que a anotada na primeira pr\u00e9via de dezembro (0,73%), segundo dados divulgados hoje, 11, no Rio de Janeiro, pela Funda\u00e7\u00e3o Getulio Vargas [&hellip;]<\/p>\n","protected":false},"author":96,"featured_media":89301,"comment_status":"closed","ping_status":"closed","sticky":false,"template":"","format":"standard","meta":{"footnotes":""},"categories":[261],"tags":[],"class_list":["post-89302","post","type-post","status-publish","format-standard","has-post-thumbnail","hentry","category-economia"],"_links":{"self":[{"href":"https:\/\/diarioregionaldigital.com.br\/index.php?rest_route=\/wp\/v2\/posts\/89302","targetHints":{"allow":["GET"]}}],"collection":[{"href":"https:\/\/diarioregionaldigital.com.br\/index.php?rest_route=\/wp\/v2\/posts"}],"about":[{"href":"https:\/\/diarioregionaldigital.com.br\/index.php?rest_route=\/wp\/v2\/types\/post"}],"author":[{"embeddable":true,"href":"https:\/\/diarioregionaldigital.com.br\/index.php?rest_route=\/wp\/v2\/users\/96"}],"replies":[{"embeddable":true,"href":"https:\/\/diarioregionaldigital.com.br\/index.php?rest_route=%2Fwp%2Fv2%2Fcomments&post=89302"}],"version-history":[{"count":0,"href":"https:\/\/diarioregionaldigital.com.br\/index.php?rest_route=\/wp\/v2\/posts\/89302\/revisions"}],"wp:featuredmedia":[{"embeddable":true,"href":"https:\/\/diarioregionaldigital.com.br\/index.php?rest_route=\/wp\/v2\/media\/89301"}],"wp:attachment":[{"href":"https:\/\/diarioregionaldigital.com.br\/index.php?rest_route=%2Fwp%2Fv2%2Fmedia&parent=89302"}],"wp:term":[{"taxonomy":"category","embeddable":true,"href":"https:\/\/diarioregionaldigital.com.br\/index.php?rest_route=%2Fwp%2Fv2%2Fcategories&post=89302"},{"taxonomy":"post_tag","embeddable":true,"href":"https:\/\/diarioregionaldigital.com.br\/index.php?rest_route=%2Fwp%2Fv2%2Ftags&post=89302"}],"curies":[{"name":"wp","href":"https:\/\/api.w.org\/{rel}","templated":true}]}}