{"id":89300,"date":"2018-01-11T17:50:52","date_gmt":"2018-01-11T19:50:52","guid":{"rendered":"http:\/\/diarioregionaljf.com.br\/2018\/01\/11\/prefeitura-de-divinopolis-oferece-mais-de-300-vagas-para-todos-os-niveis\/"},"modified":"2018-01-11T17:50:52","modified_gmt":"2018-01-11T19:50:52","slug":"prefeitura-de-divinopolis-oferece-mais-de-300-vagas-para-todos-os-niveis","status":"publish","type":"post","link":"https:\/\/diarioregionaldigital.com.br\/?p=89300","title":{"rendered":"Prefeitura de Divin\u00f3polis oferece mais de 300 vagas para todos os n\u00edveis"},"content":{"rendered":"<p>Seguem at\u00e9 o dia 1\u00ba de fevereiro as inscri\u00e7\u00f5es para dois concursos p\u00fablicos e um processo seletivo em Divin\u00f3polis (a cerca de 335 Km de Juiz de Fora)<\/p>\n<p>S\u00e3o oferecidas 330 vagas para o Concurso P\u00fablico da Prefeitura (<a href=\"http:\/\/fs.esppconcursos.com.br\/arquivos\/21283afb9dcdd87cf1939a9a3a8a5f7e.pdf\" target=\"_blank\" rel=\"noopener noreferrer\">Edital n\u00ba 01\/2017<\/a>), com sal\u00e1rios de at\u00e9 R$8.829,79. Dependendo da vaga, \u00e9 pr\u00e9-requisito ter o certificado de conclus\u00e3o do Ensino Fundamental, do Ensino M\u00e9dio \/ T\u00e9cnico ou do Ensino Superior. Tamb\u00e9m h\u00e1 40 oportunidades em um Processo Seletivo para Agente Comunit\u00e1rio de Sa\u00fade (<a href=\"http:\/\/fs.esppconcursos.com.br\/arquivos\/daf7840b6e2304021940e384d10dc20c.pdf\" target=\"_blank\" rel=\"noopener noreferrer\">Edital n\u00ba 02\/2017<\/a>), sendo pr\u00e9-requisito a conclus\u00e3o do Ensino Fundamental. O sal\u00e1rio \u00e9 de R$1.291,51 para jornada de 40 horas semanais.<\/p>\n<p>Tamb\u00e9m est\u00e3o abertas as inscri\u00e7\u00f5es para o Concurso P\u00fablico do Instituto de Previd\u00eancia dos Servidores do munic\u00edpio de Divin\u00f3polis &#8211; DIVIPREV (<a href=\"http:\/\/fs.esppconcursos.com.br\/arquivos\/540d61aab01834121234c1159d338372.pdf\" target=\"_blank\" rel=\"noopener noreferrer\">Edital n\u00ba 01\/2017<\/a>), com quatro vagas para Agente de Administra\u00e7\u00e3o, sendo pr\u00e9-requisito a conclus\u00e3o do Ensino M\u00e9dio.<\/p>\n<p>O valor m\u00ednimo das taxas de inscri\u00e7\u00e3o \u00e9 de R$40 e varia conforme o cargo. Os interessados devem se inscrever pelo <a href=\"http:\/\/www.ibfc.org.br\/\" target=\"_blank\" rel=\"noopener noreferrer\">site do Instituto Brasileiro de Forma\u00e7\u00e3o e Capacita\u00e7\u00e3o (IBFC)<\/a> e devem realizar os seguintes procedimentos:<\/p>\n<p>&nbsp;<\/p>\n<p>&#8211; Ler atentamente o Edital e o Formul\u00e1rio Eletr\u00f4nico de Inscri\u00e7\u00e3o;<\/p>\n<p>&#8211; Preencher o Formul\u00e1rio Eletr\u00f4nico de Inscri\u00e7\u00e3o e transmitir os dados pela Internet, providenciando a impress\u00e3o do comprovante de Inscri\u00e7\u00e3o Finalizada;<\/p>\n<p>&nbsp;<\/p>\n<p>&#8211; Imprimir o boleto banc\u00e1rio e efetuar o pagamento da import\u00e2ncia referente \u00e0 inscri\u00e7\u00e3o, descrita conforme o Edital, at\u00e9 o dia do vencimento em qualquer ag\u00eancia banc\u00e1ria.<\/p>\n<p>&nbsp;<\/p>\n<p>Da reda\u00e7\u00e3o\/Assessoria<\/p>\n","protected":false},"excerpt":{"rendered":"<p>Seguem at\u00e9 o dia 1\u00ba de fevereiro as inscri\u00e7\u00f5es para dois concursos p\u00fablicos e um processo seletivo em Divin\u00f3polis (a cerca de 335 Km de Juiz de Fora) S\u00e3o oferecidas 330 vagas para o Concurso P\u00fablico da Prefeitura (Edital n\u00ba 01\/2017), com sal\u00e1rios de at\u00e9 R$8.829,79. Dependendo da vaga, \u00e9 pr\u00e9-requisito ter o certificado de [&hellip;]<\/p>\n","protected":false},"author":96,"featured_media":89299,"comment_status":"closed","ping_status":"closed","sticky":false,"template":"","format":"standard","meta":{"footnotes":""},"categories":[280],"tags":[],"class_list":["post-89300","post","type-post","status-publish","format-standard","has-post-thumbnail","hentry","category-concurso"],"_links":{"self":[{"href":"https:\/\/diarioregionaldigital.com.br\/index.php?rest_route=\/wp\/v2\/posts\/89300","targetHints":{"allow":["GET"]}}],"collection":[{"href":"https:\/\/diarioregionaldigital.com.br\/index.php?rest_route=\/wp\/v2\/posts"}],"about":[{"href":"https:\/\/diarioregionaldigital.com.br\/index.php?rest_route=\/wp\/v2\/types\/post"}],"author":[{"embeddable":true,"href":"https:\/\/diarioregionaldigital.com.br\/index.php?rest_route=\/wp\/v2\/users\/96"}],"replies":[{"embeddable":true,"href":"https:\/\/diarioregionaldigital.com.br\/index.php?rest_route=%2Fwp%2Fv2%2Fcomments&post=89300"}],"version-history":[{"count":0,"href":"https:\/\/diarioregionaldigital.com.br\/index.php?rest_route=\/wp\/v2\/posts\/89300\/revisions"}],"wp:featuredmedia":[{"embeddable":true,"href":"https:\/\/diarioregionaldigital.com.br\/index.php?rest_route=\/wp\/v2\/media\/89299"}],"wp:attachment":[{"href":"https:\/\/diarioregionaldigital.com.br\/index.php?rest_route=%2Fwp%2Fv2%2Fmedia&parent=89300"}],"wp:term":[{"taxonomy":"category","embeddable":true,"href":"https:\/\/diarioregionaldigital.com.br\/index.php?rest_route=%2Fwp%2Fv2%2Fcategories&post=89300"},{"taxonomy":"post_tag","embeddable":true,"href":"https:\/\/diarioregionaldigital.com.br\/index.php?rest_route=%2Fwp%2Fv2%2Ftags&post=89300"}],"curies":[{"name":"wp","href":"https:\/\/api.w.org\/{rel}","templated":true}]}}