{"id":89298,"date":"2018-01-11T17:29:45","date_gmt":"2018-01-11T19:29:45","guid":{"rendered":"http:\/\/diarioregionaljf.com.br\/2018\/01\/11\/pjf-convoca-docentes-de-historia-para-esta-sexta-feira\/"},"modified":"2018-01-11T17:29:45","modified_gmt":"2018-01-11T19:29:45","slug":"pjf-convoca-docentes-de-historia-para-esta-sexta-feira","status":"publish","type":"post","link":"https:\/\/diarioregionaldigital.com.br\/?p=89298","title":{"rendered":"PJF convoca docentes de hist\u00f3ria para esta sexta-feira"},"content":{"rendered":"<p>A Prefeitura de Juiz de Fora (PJF) divulgou, nessa quarta-feira, 11, a terceira listagem de convoca\u00e7\u00e3o dos candidatos aprovados no processo seletivo para contrata\u00e7\u00e3o de professores para atua\u00e7\u00e3o no ano letivo de 2018 (Edital n\u00ba 336). A chamada \u00e9 para docentes de hist\u00f3ria, a fim de que compare\u00e7am ao Centro de Forma\u00e7\u00e3o do Professor (Avenida Get\u00falio Vargas, n\u00ba200, Centro) nesta sexta-feira, 12, para escolha de vaga. Os convocados devem estar atentos aos hor\u00e1rios de apresenta\u00e7\u00e3o, que podem ser conferidos <a href=\"https:\/\/www.pjf.mg.gov.br\/e_atos\/e_atos_vis.php?id=58460\" target=\"_blank\" rel=\"noopener noreferrer\">aqui<\/a>.<\/p>\n<p>A fase de chamadas dever\u00e1 ocorrer durante todo este m\u00eas, e os candidatos devem acompanhar as publica\u00e7\u00f5es no &#8220;Atos do Governo&#8221; ou na se\u00e7\u00e3o &#8220;Contrata\u00e7\u00e3o tempor\u00e1ria&#8221;, no site da PJF.<\/p>\n<p>&nbsp;<\/p>\n<p>Fonte: Assessoria<\/p>\n","protected":false},"excerpt":{"rendered":"<p>A Prefeitura de Juiz de Fora (PJF) divulgou, nessa quarta-feira, 11, a terceira listagem de convoca\u00e7\u00e3o dos candidatos aprovados no processo seletivo para contrata\u00e7\u00e3o de professores para atua\u00e7\u00e3o no ano letivo de 2018 (Edital n\u00ba 336). A chamada \u00e9 para docentes de hist\u00f3ria, a fim de que compare\u00e7am ao Centro de Forma\u00e7\u00e3o do Professor (Avenida [&hellip;]<\/p>\n","protected":false},"author":96,"featured_media":89297,"comment_status":"closed","ping_status":"closed","sticky":false,"template":"","format":"standard","meta":{"footnotes":""},"categories":[280],"tags":[],"class_list":["post-89298","post","type-post","status-publish","format-standard","has-post-thumbnail","hentry","category-concurso"],"_links":{"self":[{"href":"https:\/\/diarioregionaldigital.com.br\/index.php?rest_route=\/wp\/v2\/posts\/89298","targetHints":{"allow":["GET"]}}],"collection":[{"href":"https:\/\/diarioregionaldigital.com.br\/index.php?rest_route=\/wp\/v2\/posts"}],"about":[{"href":"https:\/\/diarioregionaldigital.com.br\/index.php?rest_route=\/wp\/v2\/types\/post"}],"author":[{"embeddable":true,"href":"https:\/\/diarioregionaldigital.com.br\/index.php?rest_route=\/wp\/v2\/users\/96"}],"replies":[{"embeddable":true,"href":"https:\/\/diarioregionaldigital.com.br\/index.php?rest_route=%2Fwp%2Fv2%2Fcomments&post=89298"}],"version-history":[{"count":0,"href":"https:\/\/diarioregionaldigital.com.br\/index.php?rest_route=\/wp\/v2\/posts\/89298\/revisions"}],"wp:featuredmedia":[{"embeddable":true,"href":"https:\/\/diarioregionaldigital.com.br\/index.php?rest_route=\/wp\/v2\/media\/89297"}],"wp:attachment":[{"href":"https:\/\/diarioregionaldigital.com.br\/index.php?rest_route=%2Fwp%2Fv2%2Fmedia&parent=89298"}],"wp:term":[{"taxonomy":"category","embeddable":true,"href":"https:\/\/diarioregionaldigital.com.br\/index.php?rest_route=%2Fwp%2Fv2%2Fcategories&post=89298"},{"taxonomy":"post_tag","embeddable":true,"href":"https:\/\/diarioregionaldigital.com.br\/index.php?rest_route=%2Fwp%2Fv2%2Ftags&post=89298"}],"curies":[{"name":"wp","href":"https:\/\/api.w.org\/{rel}","templated":true}]}}