{"id":89290,"date":"2018-01-11T16:32:48","date_gmt":"2018-01-11T18:32:48","guid":{"rendered":"http:\/\/diarioregionaljf.com.br\/2018\/01\/11\/prefeitura-do-rio-pede-que-tropas-federais-atuem-no-carnaval\/"},"modified":"2018-01-11T16:32:48","modified_gmt":"2018-01-11T18:32:48","slug":"prefeitura-do-rio-pede-que-tropas-federais-atuem-no-carnaval","status":"publish","type":"post","link":"https:\/\/diarioregionaldigital.com.br\/?p=89290","title":{"rendered":"Prefeitura do Rio pede que tropas federais atuem no carnaval"},"content":{"rendered":"<p>O prefeito do Rio de Janeiro, Marcelo Crivella, e o presidente da Riotur, Marcelo Alves, defenderam nessa quinta-feira, 11, a presen\u00e7a de for\u00e7as de seguran\u00e7a federais atuem na cidade durante o Carnaval. Ao entrar no assunto na manh\u00e3 dessa quinta, durante a apresenta\u00e7\u00e3o da programa\u00e7\u00e3o do Carnaval, o prefeito disse que &#8220;queria fazer um apelo ao governo federal&#8221;.<\/p>\n<p>&#8220;\u00c9 preciso que n\u00f3s todos possamos contar com as tropas federais antes, durante e depois, para que o nosso Carnaval, e todas as pessoas que estejam na rua estejam garantidas, alegres, felizes de que o Rio de Janeiro estar\u00e1 completamente seguro, sem qualquer espa\u00e7o para imprevistos&#8221;, afirmou o prefeito.<\/p>\n<p>O presidente da Riotur disse que o pedido j\u00e1 foi oficializado e ser\u00e1 reiterado pela Prefeitura. &#8220;\u00c9 fundamental. A tropa federal esteve na Olimp\u00edada para um evento de 800 mil pessoas. Quando voc\u00ea re\u00fane 6 milh\u00f5es de pessoas, \u00e9 mais do que necess\u00e1rio esse apoio federal.&#8221;<\/p>\n<p>&nbsp;<\/p>\n<h4>AGENTES PRIVADOS NAS RUAS<\/h4>\n<p>A Prefeitura anunciou ainda que vai contratar uma empresa de seguran\u00e7a privada para atuar com 3.375 agentes de seguran\u00e7a nas ruas e e na Arena Carnaval Rio 2018, que funcionar\u00e1 no Parque dos Atletas, na Barra da Tijuca.<\/p>\n<p>Segundo Marcelo Alves, os agentes v\u00e3o trabalhar desarmados e complementar o trabalho da Pol\u00edcia Militar e da Guarda Municipal. &#8220;S\u00e3o agentes de uma empresa que ser\u00e1 licitada para que a gente gere realmente a percep\u00e7\u00e3o de seguran\u00e7a nos locais desses grandes acontecimentos.&#8221;<\/p>\n<p>Ao divulgar as expectativas para o Carnaval deste ano, a prefeitura do Rio de Janeiro disse esperar a participa\u00e7\u00e3o &nbsp;de 6 milh\u00f5es de pessoas nos bailes, blocos e desfiles de escolas de samba programados na cidade. A movimenta\u00e7\u00e3o deve injetar R$3,5 bilh\u00f5es na economia do munic\u00edpio.<\/p>\n<p>A capital fluminense deve receber nesse per\u00edodo 1,5 milh\u00e3o de turistas e atingir quase 90% de taxa de ocupa\u00e7\u00e3o na rede hoteleira.<\/p>\n<p>Marcelo Alves afirmou que o Carnaval de 2018 ter\u00e1 p\u00fablico recorde. Segundo ele, o evento conseguiu captar o maior valor em patroc\u00ednios da hist\u00f3ria, com R$38,5 milh\u00f5es que vieram de empresas como a Ambev, a Uber e a Dream Factory.<\/p>\n<p>Fonte: Ag\u00eancia Brasil<\/p>\n","protected":false},"excerpt":{"rendered":"<p>O prefeito do Rio de Janeiro, Marcelo Crivella, e o presidente da Riotur, Marcelo Alves, defenderam nessa quinta-feira, 11, a presen\u00e7a de for\u00e7as de seguran\u00e7a federais atuem na cidade durante o Carnaval. Ao entrar no assunto na manh\u00e3 dessa quinta, durante a apresenta\u00e7\u00e3o da programa\u00e7\u00e3o do Carnaval, o prefeito disse que &#8220;queria fazer um apelo [&hellip;]<\/p>\n","protected":false},"author":96,"featured_media":89289,"comment_status":"closed","ping_status":"closed","sticky":false,"template":"","format":"standard","meta":{"footnotes":""},"categories":[302],"tags":[],"class_list":["post-89290","post","type-post","status-publish","format-standard","has-post-thumbnail","hentry","category-brasil-mundo"],"_links":{"self":[{"href":"https:\/\/diarioregionaldigital.com.br\/index.php?rest_route=\/wp\/v2\/posts\/89290","targetHints":{"allow":["GET"]}}],"collection":[{"href":"https:\/\/diarioregionaldigital.com.br\/index.php?rest_route=\/wp\/v2\/posts"}],"about":[{"href":"https:\/\/diarioregionaldigital.com.br\/index.php?rest_route=\/wp\/v2\/types\/post"}],"author":[{"embeddable":true,"href":"https:\/\/diarioregionaldigital.com.br\/index.php?rest_route=\/wp\/v2\/users\/96"}],"replies":[{"embeddable":true,"href":"https:\/\/diarioregionaldigital.com.br\/index.php?rest_route=%2Fwp%2Fv2%2Fcomments&post=89290"}],"version-history":[{"count":0,"href":"https:\/\/diarioregionaldigital.com.br\/index.php?rest_route=\/wp\/v2\/posts\/89290\/revisions"}],"wp:featuredmedia":[{"embeddable":true,"href":"https:\/\/diarioregionaldigital.com.br\/index.php?rest_route=\/wp\/v2\/media\/89289"}],"wp:attachment":[{"href":"https:\/\/diarioregionaldigital.com.br\/index.php?rest_route=%2Fwp%2Fv2%2Fmedia&parent=89290"}],"wp:term":[{"taxonomy":"category","embeddable":true,"href":"https:\/\/diarioregionaldigital.com.br\/index.php?rest_route=%2Fwp%2Fv2%2Fcategories&post=89290"},{"taxonomy":"post_tag","embeddable":true,"href":"https:\/\/diarioregionaldigital.com.br\/index.php?rest_route=%2Fwp%2Fv2%2Ftags&post=89290"}],"curies":[{"name":"wp","href":"https:\/\/api.w.org\/{rel}","templated":true}]}}