{"id":89288,"date":"2018-01-11T16:27:36","date_gmt":"2018-01-11T18:27:36","guid":{"rendered":"http:\/\/diarioregionaljf.com.br\/2018\/01\/11\/carteira-de-habilitacao-brasileira-passa-a-valer-na-italia\/"},"modified":"2018-01-11T16:27:36","modified_gmt":"2018-01-11T18:27:36","slug":"carteira-de-habilitacao-brasileira-passa-a-valer-na-italia","status":"publish","type":"post","link":"https:\/\/diarioregionaldigital.com.br\/?p=89288","title":{"rendered":"Carteira de habilita\u00e7\u00e3o brasileira passa a valer na It\u00e1lia"},"content":{"rendered":"<p>O presidente Michel Temer assinou nessa quarta-feira, 10, um decreto que trata do reconhecimento de carteiras de habilita\u00e7\u00e3o brasileiras na It\u00e1lia. Da mesma maneira, as carteiras de motorista aa It\u00e1lia ser\u00e3o reconhecidos no Brasil. O decreto origina-se de um acordo firmado em novembro de 2016 e foi publicado no Di\u00e1rio Oficial desta quinta-feira, 11.<\/p>\n<p>O acordo, assinado em Roma, foi aprovado pelo Congresso Nacional em outubro do ano passado e seguiu para promulga\u00e7\u00e3o de Temer. O reconhecimento m\u00fatuo passa a valer neste s\u00e1bado, 13.<\/p>\n<p>O decreto vale para as carteiras de habilita\u00e7\u00e3o A e B, n\u00e3o provis\u00f3rias e em vigor, emitidas por um ou outro pa\u00eds. Caso o solicitante tenha resid\u00eancia no pa\u00eds onde se solicita a convers\u00e3o, \u00e9 preciso que a habilita\u00e7\u00e3o tenha sido expedida antes da obten\u00e7\u00e3o da resid\u00eancia.<\/p>\n<p>O acordo vinha sendo negociado desde 2008, para que o portador da carteira de habilita\u00e7\u00e3o de um pa\u00eds possa convert\u00ea-la em documento equivalente no outro. Embora a It\u00e1lia seja signat\u00e1ria da Conven\u00e7\u00e3o de Viena sobre Tr\u00e2nsito Vi\u00e1rio, de 1968, desde 1998, o governo italiano n\u00e3o reconhecia a Carteira Nacional de Habilita\u00e7\u00e3o brasileira. Isso obrigava brasileiros residentes na It\u00e1lia a seguir o procedimento do pa\u00eds para emiss\u00e3o do documento, prestando exames e pagando taxas.<\/p>\n<p>Fonte: Ag\u00eancia Brasil<\/p>\n","protected":false},"excerpt":{"rendered":"<p>O presidente Michel Temer assinou nessa quarta-feira, 10, um decreto que trata do reconhecimento de carteiras de habilita\u00e7\u00e3o brasileiras na It\u00e1lia. Da mesma maneira, as carteiras de motorista aa It\u00e1lia ser\u00e3o reconhecidos no Brasil. O decreto origina-se de um acordo firmado em novembro de 2016 e foi publicado no Di\u00e1rio Oficial desta quinta-feira, 11. O [&hellip;]<\/p>\n","protected":false},"author":96,"featured_media":89287,"comment_status":"closed","ping_status":"closed","sticky":false,"template":"","format":"standard","meta":{"footnotes":""},"categories":[302],"tags":[],"class_list":["post-89288","post","type-post","status-publish","format-standard","has-post-thumbnail","hentry","category-brasil-mundo"],"_links":{"self":[{"href":"https:\/\/diarioregionaldigital.com.br\/index.php?rest_route=\/wp\/v2\/posts\/89288","targetHints":{"allow":["GET"]}}],"collection":[{"href":"https:\/\/diarioregionaldigital.com.br\/index.php?rest_route=\/wp\/v2\/posts"}],"about":[{"href":"https:\/\/diarioregionaldigital.com.br\/index.php?rest_route=\/wp\/v2\/types\/post"}],"author":[{"embeddable":true,"href":"https:\/\/diarioregionaldigital.com.br\/index.php?rest_route=\/wp\/v2\/users\/96"}],"replies":[{"embeddable":true,"href":"https:\/\/diarioregionaldigital.com.br\/index.php?rest_route=%2Fwp%2Fv2%2Fcomments&post=89288"}],"version-history":[{"count":0,"href":"https:\/\/diarioregionaldigital.com.br\/index.php?rest_route=\/wp\/v2\/posts\/89288\/revisions"}],"wp:featuredmedia":[{"embeddable":true,"href":"https:\/\/diarioregionaldigital.com.br\/index.php?rest_route=\/wp\/v2\/media\/89287"}],"wp:attachment":[{"href":"https:\/\/diarioregionaldigital.com.br\/index.php?rest_route=%2Fwp%2Fv2%2Fmedia&parent=89288"}],"wp:term":[{"taxonomy":"category","embeddable":true,"href":"https:\/\/diarioregionaldigital.com.br\/index.php?rest_route=%2Fwp%2Fv2%2Fcategories&post=89288"},{"taxonomy":"post_tag","embeddable":true,"href":"https:\/\/diarioregionaldigital.com.br\/index.php?rest_route=%2Fwp%2Fv2%2Ftags&post=89288"}],"curies":[{"name":"wp","href":"https:\/\/api.w.org\/{rel}","templated":true}]}}