{"id":89286,"date":"2018-01-11T16:23:45","date_gmt":"2018-01-11T18:23:45","guid":{"rendered":"http:\/\/diarioregionaljf.com.br\/2018\/01\/11\/sul-da-europa-pede-que-onus-do-fluxo-migratorio-seja-compartilhado\/"},"modified":"2018-01-11T16:23:45","modified_gmt":"2018-01-11T18:23:45","slug":"sul-da-europa-pede-que-onus-do-fluxo-migratorio-seja-compartilhado","status":"publish","type":"post","link":"https:\/\/diarioregionaldigital.com.br\/?p=89286","title":{"rendered":"Sul da Europa pede que \u00f4nus do fluxo migrat\u00f3rio seja compartilhado"},"content":{"rendered":"<p>Representantes de pa\u00edses do Sul da Europa pediram nessa quarta-feira, 10, durante a IV C\u00fapula dos Pa\u00edses do Sul da Uni\u00e3o Europeia (UE), em Roma, que o peso dos fluxos migrat\u00f3rios seja compartilhado com os outros Estados-Membros.<\/p>\n<p>&#8220;A gest\u00e3o dos fluxos migrat\u00f3rios ser\u00e1 um desafio fundamental para a UE nos pr\u00f3ximos anos, e os pa\u00edses do Sul da Europa est\u00e3o particularmente preocupados e afetados. Nosso papel e o \u00f4nus de proteger essas fronteiras devem ser reconhecidos e compartilhados pela UE&#8221;, afirmaram os l\u00edderes em declara\u00e7\u00e3o conjunta.<\/p>\n<p>Participaram da c\u00fapula os primeiros-ministros de Portugal, Ant\u00f3nio Costa; da It\u00e1lia, Paolo Gentiloni; de Malta, Joseph Muscat; da Gr\u00e9cia, Alexis Tsipras; da Espanha, Mariano Rajoy; e os presidentes da Fran\u00e7a, Emmanuel Macron; e de Chipre, Nicos Anastasiades.<\/p>\n<p>&#8220;A UE ter\u00e1 de intensificar a sua luta contra o tr\u00e1fico de seres humanos e novas formas de escravid\u00e3o, garantir os direitos humanos de todas as pessoas e proteger os que necessitam de prote\u00e7\u00e3o internacional, em particular os grupos mais vulner\u00e1veis&#8221;, acrescenta o documento.<\/p>\n<p>Os representantes dos sete pa\u00edses disseram estar comprometidos com uma pol\u00edtica de migra\u00e7\u00e3o comum, para evitar fluxos irregulares e massivos, e dispostos a cooperar com os pa\u00edses de origem, principalmente da \u00c1frica. O fen\u00f4meno da migra\u00e7\u00e3o atinge principalmente a It\u00e1lia e a Gr\u00e9cia.<\/p>\n<p>Al\u00e9m dos fluxos migrat\u00f3rios, tamb\u00e9m foram discutidas a uni\u00e3o financeira e o crescimento econ\u00f4mico. &#8220;Precisamos de uma Uni\u00e3o Europeia mais coesa, na qual as diferen\u00e7as entre o Norte, Sul, Oriente e Ocidente sejam reduzidas. Agora \u00e9 o momento de faz\u00ea-lo&#8221;, afirmou o primeiro-ministro italiano, Paolo Gentiloni.<\/p>\n<p>Ant\u00f3nio Costa, primeiro-ministro de Portugal, afirmou que a c\u00fapula \u00e9 um &#8220;conjunto de pa\u00edses que se re\u00fanem pelas suas afinidades, n\u00e3o para dividir, mas para ajudar a fortalecer a UE&#8221;.<\/p>\n<p>O presidente da Fran\u00e7a, Emmanuel Macron, falou sobre a import\u00e2ncia da converg\u00eancia entre os l\u00edderes, no sentido de avan\u00e7ar em dire\u00e7\u00e3o a uma verdadeira uni\u00e3o financeira, que permitiria maior crescimento da Europa, mais solidariedade e melhor coordena\u00e7\u00e3o das pol\u00edticas econ\u00f4micas dos Estados-Membros. Macron comentou ainda o pr\u00f3ximo encontro, que reunir\u00e1 Fran\u00e7a, Espanha e Portugal, com o objetivo de discutir as interliga\u00e7\u00f5es el\u00e9tricas entre os tr\u00eas pa\u00edses.<\/p>\n<p>Durante a declara\u00e7\u00e3o conjunta, os l\u00edderes falaram sobre uma consulta aos cidad\u00e3os, que deve ser feita nos pr\u00f3ximos meses, para que a popula\u00e7\u00e3o europeia expresse as suas prioridades para o futuro da UE.<\/p>\n<p>Fonte: Ag\u00eancia Brasil<\/p>\n","protected":false},"excerpt":{"rendered":"<p>Representantes de pa\u00edses do Sul da Europa pediram nessa quarta-feira, 10, durante a IV C\u00fapula dos Pa\u00edses do Sul da Uni\u00e3o Europeia (UE), em Roma, que o peso dos fluxos migrat\u00f3rios seja compartilhado com os outros Estados-Membros. &#8220;A gest\u00e3o dos fluxos migrat\u00f3rios ser\u00e1 um desafio fundamental para a UE nos pr\u00f3ximos anos, e os pa\u00edses [&hellip;]<\/p>\n","protected":false},"author":96,"featured_media":89285,"comment_status":"closed","ping_status":"closed","sticky":false,"template":"","format":"standard","meta":{"footnotes":""},"categories":[302],"tags":[],"class_list":["post-89286","post","type-post","status-publish","format-standard","has-post-thumbnail","hentry","category-brasil-mundo"],"_links":{"self":[{"href":"https:\/\/diarioregionaldigital.com.br\/index.php?rest_route=\/wp\/v2\/posts\/89286","targetHints":{"allow":["GET"]}}],"collection":[{"href":"https:\/\/diarioregionaldigital.com.br\/index.php?rest_route=\/wp\/v2\/posts"}],"about":[{"href":"https:\/\/diarioregionaldigital.com.br\/index.php?rest_route=\/wp\/v2\/types\/post"}],"author":[{"embeddable":true,"href":"https:\/\/diarioregionaldigital.com.br\/index.php?rest_route=\/wp\/v2\/users\/96"}],"replies":[{"embeddable":true,"href":"https:\/\/diarioregionaldigital.com.br\/index.php?rest_route=%2Fwp%2Fv2%2Fcomments&post=89286"}],"version-history":[{"count":0,"href":"https:\/\/diarioregionaldigital.com.br\/index.php?rest_route=\/wp\/v2\/posts\/89286\/revisions"}],"wp:featuredmedia":[{"embeddable":true,"href":"https:\/\/diarioregionaldigital.com.br\/index.php?rest_route=\/wp\/v2\/media\/89285"}],"wp:attachment":[{"href":"https:\/\/diarioregionaldigital.com.br\/index.php?rest_route=%2Fwp%2Fv2%2Fmedia&parent=89286"}],"wp:term":[{"taxonomy":"category","embeddable":true,"href":"https:\/\/diarioregionaldigital.com.br\/index.php?rest_route=%2Fwp%2Fv2%2Fcategories&post=89286"},{"taxonomy":"post_tag","embeddable":true,"href":"https:\/\/diarioregionaldigital.com.br\/index.php?rest_route=%2Fwp%2Fv2%2Ftags&post=89286"}],"curies":[{"name":"wp","href":"https:\/\/api.w.org\/{rel}","templated":true}]}}