{"id":89282,"date":"2018-01-11T16:20:40","date_gmt":"2018-01-11T18:20:40","guid":{"rendered":"http:\/\/diarioregionaljf.com.br\/2018\/01\/11\/sobe-para-15-numero-de-mortos-em-enchentes-na-california\/"},"modified":"2018-01-11T16:20:40","modified_gmt":"2018-01-11T18:20:40","slug":"sobe-para-15-numero-de-mortos-em-enchentes-na-california","status":"publish","type":"post","link":"https:\/\/diarioregionaldigital.com.br\/?p=89282","title":{"rendered":"Sobe para 15 n\u00famero de mortos em enchentes na Calif\u00f3rnia"},"content":{"rendered":"<p>O n\u00famero de mortos nas enchentes e deslizamentos no estado da Calif\u00f3rnia aumentou para 15, anunciaram, nessa quarta-feira, 10, as autoridades do condado de Santa B\u00e1rbara, que seguem com as tarefas de resgate e busca a 20 desaparecidos. As informa\u00e7\u00f5es s\u00e3o da EFE.<\/p>\n<p>Pelo Twitter, o Condado de Santa B\u00e1rbara, ao noroeste de Los Angeles, informou que o n\u00famero de v\u00edtimas tinha aumentado nas \u00faltimas horas, depois que os resgatistas encontraram mais dois corpos.<\/p>\n<p>Os esfor\u00e7os dos policiais, bombeiros e pessoal de resgate do setor de Montecito concentram-se na retirada de escombros e na localiza\u00e7\u00e3o de mais de 20 pessoas desaparecidas.<\/p>\n<p>Segundo informou o xerife do condado Santa B\u00e1rbara, Bill Brown, as brigadas de resgate trabalharam durante a noite na busca por pessoas desaparecidas.<\/p>\n<p>Al\u00e9m das 15 mortes, 25 pessoas ficaram feridas em uma \u00e1rea onde &#8220;dezenas de pessoas&#8221; foram resgatadas de helic\u00f3ptero e muitas por terra.<\/p>\n<p>&#8220;Enquanto temos a esperan\u00e7a de que isso n\u00e3o aconte\u00e7a, acreditamos que este n\u00famero aumentar\u00e1 enquanto continuamos buscando pessoas que ainda est\u00e3o desaparecidas&#8221;, disse o xerife Brown.<\/p>\n<p>A avalanche de escombros, barro e outros res\u00edduos tomou for\u00e7a na madrugada de ter\u00e7a-feira quando a regi\u00e3o, arrasada pelo inc\u00eandio florestal em dezembro, foi atingida por chuvas durante menos de 15 minutos.<\/p>\n<p>Em algumas das \u00e1reas inundadas, as autoridades tinham ordenado a evacua\u00e7\u00e3o, mas muitos residentes n\u00e3o consideraram que o risco fosse t\u00e3o grande e decidiram permanecer em suas moradias.<\/p>\n<p>Fonte: Ag\u00eancia Brasil<\/p>\n","protected":false},"excerpt":{"rendered":"<p>O n\u00famero de mortos nas enchentes e deslizamentos no estado da Calif\u00f3rnia aumentou para 15, anunciaram, nessa quarta-feira, 10, as autoridades do condado de Santa B\u00e1rbara, que seguem com as tarefas de resgate e busca a 20 desaparecidos. As informa\u00e7\u00f5es s\u00e3o da EFE. Pelo Twitter, o Condado de Santa B\u00e1rbara, ao noroeste de Los Angeles, [&hellip;]<\/p>\n","protected":false},"author":96,"featured_media":89281,"comment_status":"closed","ping_status":"closed","sticky":false,"template":"","format":"standard","meta":{"footnotes":""},"categories":[302],"tags":[],"class_list":["post-89282","post","type-post","status-publish","format-standard","has-post-thumbnail","hentry","category-brasil-mundo"],"_links":{"self":[{"href":"https:\/\/diarioregionaldigital.com.br\/index.php?rest_route=\/wp\/v2\/posts\/89282","targetHints":{"allow":["GET"]}}],"collection":[{"href":"https:\/\/diarioregionaldigital.com.br\/index.php?rest_route=\/wp\/v2\/posts"}],"about":[{"href":"https:\/\/diarioregionaldigital.com.br\/index.php?rest_route=\/wp\/v2\/types\/post"}],"author":[{"embeddable":true,"href":"https:\/\/diarioregionaldigital.com.br\/index.php?rest_route=\/wp\/v2\/users\/96"}],"replies":[{"embeddable":true,"href":"https:\/\/diarioregionaldigital.com.br\/index.php?rest_route=%2Fwp%2Fv2%2Fcomments&post=89282"}],"version-history":[{"count":0,"href":"https:\/\/diarioregionaldigital.com.br\/index.php?rest_route=\/wp\/v2\/posts\/89282\/revisions"}],"wp:featuredmedia":[{"embeddable":true,"href":"https:\/\/diarioregionaldigital.com.br\/index.php?rest_route=\/wp\/v2\/media\/89281"}],"wp:attachment":[{"href":"https:\/\/diarioregionaldigital.com.br\/index.php?rest_route=%2Fwp%2Fv2%2Fmedia&parent=89282"}],"wp:term":[{"taxonomy":"category","embeddable":true,"href":"https:\/\/diarioregionaldigital.com.br\/index.php?rest_route=%2Fwp%2Fv2%2Fcategories&post=89282"},{"taxonomy":"post_tag","embeddable":true,"href":"https:\/\/diarioregionaldigital.com.br\/index.php?rest_route=%2Fwp%2Fv2%2Ftags&post=89282"}],"curies":[{"name":"wp","href":"https:\/\/api.w.org\/{rel}","templated":true}]}}