{"id":89280,"date":"2018-01-11T16:09:41","date_gmt":"2018-01-11T18:09:41","guid":{"rendered":"http:\/\/diarioregionaljf.com.br\/2018\/01\/11\/pm-persegue-veiculo-e-prende-homem-envolvido-com-trafico-de-drogas-na-zona-norte\/"},"modified":"2018-01-11T16:09:41","modified_gmt":"2018-01-11T18:09:41","slug":"pm-persegue-veiculo-e-prende-homem-envolvido-com-trafico-de-drogas-na-zona-norte","status":"publish","type":"post","link":"https:\/\/diarioregionaldigital.com.br\/?p=89280","title":{"rendered":"PM persegue ve\u00edculo e prende homem envolvido com tr\u00e1fico de drogas na zona Norte"},"content":{"rendered":"<p>Dois homens de 30 e 33 anos foram presos pro tr\u00e1fico de drogas no in\u00edcio da madrugada desta quinta-feira, 11, no bairro vila Esperan\u00e7a I, localizado na zona Norte.<\/p>\n<p>Segundo informa\u00e7\u00f5es da Pol\u00edcia Militar (PM), uma viatura policial tentou abordagem a um ve\u00edculo suspeito na Rua Lima Duarte, momento em que o carro evadiu em alta velocidade.<\/p>\n<p>A viatura policia perseguiu o carro e conseguiu alcan\u00e7\u00e1-lo. O autor de 30 anos tentou resistir a abordagem dos policiais, utilizando-se de for\u00e7a f\u00edsica. Ele foi preso e encaminhado para a delegacia.<\/p>\n<p>A PM realizou buscas no interior do ve\u00edculo e localizou 142 pedras de crack, uma bucha de maconha, uma quantia de R$74 em moeda corrente, dois aparelhos de celular, uma bolsa, um cart\u00e3o de cr\u00e9dito e carteira de identidade de pessoas n\u00e3o identificadas.<\/p>\n<p>O condutor e propriet\u00e1rio do ve\u00edculo, de 33 anos, fugiu e n\u00e3o foi localizado.<\/p>\n","protected":false},"excerpt":{"rendered":"<p>Dois homens de 30 e 33 anos foram presos pro tr\u00e1fico de drogas no in\u00edcio da madrugada desta quinta-feira, 11, no bairro vila Esperan\u00e7a I, localizado na zona Norte. Segundo informa\u00e7\u00f5es da Pol\u00edcia Militar (PM), uma viatura policial tentou abordagem a um ve\u00edculo suspeito na Rua Lima Duarte, momento em que o carro evadiu em [&hellip;]<\/p>\n","protected":false},"author":96,"featured_media":89279,"comment_status":"closed","ping_status":"closed","sticky":false,"template":"","format":"standard","meta":{"footnotes":""},"categories":[301],"tags":[],"class_list":["post-89280","post","type-post","status-publish","format-standard","has-post-thumbnail","hentry","category-artigos-policiais"],"_links":{"self":[{"href":"https:\/\/diarioregionaldigital.com.br\/index.php?rest_route=\/wp\/v2\/posts\/89280","targetHints":{"allow":["GET"]}}],"collection":[{"href":"https:\/\/diarioregionaldigital.com.br\/index.php?rest_route=\/wp\/v2\/posts"}],"about":[{"href":"https:\/\/diarioregionaldigital.com.br\/index.php?rest_route=\/wp\/v2\/types\/post"}],"author":[{"embeddable":true,"href":"https:\/\/diarioregionaldigital.com.br\/index.php?rest_route=\/wp\/v2\/users\/96"}],"replies":[{"embeddable":true,"href":"https:\/\/diarioregionaldigital.com.br\/index.php?rest_route=%2Fwp%2Fv2%2Fcomments&post=89280"}],"version-history":[{"count":0,"href":"https:\/\/diarioregionaldigital.com.br\/index.php?rest_route=\/wp\/v2\/posts\/89280\/revisions"}],"wp:featuredmedia":[{"embeddable":true,"href":"https:\/\/diarioregionaldigital.com.br\/index.php?rest_route=\/wp\/v2\/media\/89279"}],"wp:attachment":[{"href":"https:\/\/diarioregionaldigital.com.br\/index.php?rest_route=%2Fwp%2Fv2%2Fmedia&parent=89280"}],"wp:term":[{"taxonomy":"category","embeddable":true,"href":"https:\/\/diarioregionaldigital.com.br\/index.php?rest_route=%2Fwp%2Fv2%2Fcategories&post=89280"},{"taxonomy":"post_tag","embeddable":true,"href":"https:\/\/diarioregionaldigital.com.br\/index.php?rest_route=%2Fwp%2Fv2%2Ftags&post=89280"}],"curies":[{"name":"wp","href":"https:\/\/api.w.org\/{rel}","templated":true}]}}