{"id":89278,"date":"2018-01-11T14:17:39","date_gmt":"2018-01-11T16:17:39","guid":{"rendered":"http:\/\/diarioregionaljf.com.br\/2018\/01\/11\/bombeiros-atendem-ocorrencia-de-incendio-em-residencia-em-matias-barbosa\/"},"modified":"2018-01-11T14:17:39","modified_gmt":"2018-01-11T16:17:39","slug":"bombeiros-atendem-ocorrencia-de-incendio-em-residencia-em-matias-barbosa","status":"publish","type":"post","link":"https:\/\/diarioregionaldigital.com.br\/?p=89278","title":{"rendered":"Bombeiros atendem ocorr\u00eancia de inc\u00eandio em resid\u00eancia em Matias Barbosa"},"content":{"rendered":"<p>Na tarde desta quarta-feira, 10, o Corpo de Bombeiros foi acionado para comparecer em Matias Barbosa, em virtude de um inc\u00eandio em resid\u00eancia com uma poss\u00edvel v\u00edtima no local. Deslocou para o endere\u00e7o solicitado o oficial de servi\u00e7o e uma guarni\u00e7\u00e3o de Combate a inc\u00eandio. Com a chegada das equipes no local, a Policia Militar j\u00e1 se fazia presente, juntamente com uma equipe do SAMU. A v\u00edtima, do sexo feminino, que j\u00e1 havia sido retirada do im\u00f3vel por populares, teve parte do corpo queimado e foi socorrida pela equipe de Urg\u00eancia e Emerg\u00eancia do Samu.<\/p>\n<p>A resid\u00eancia, que possu\u00eda dois c\u00f4modos, estava isolada pela Pol\u00edcia Militar, uma vez que no interior encontrava-se um vasilhame de g\u00e1s, preso a um fog\u00e3o parcialmente chamuscado com risco de explos\u00e3o. As equipes do Corpo de Bombeiros fizeram a retirada do Botij\u00e3o de g\u00e1s, intacto, desligaram o fornecimento de energia el\u00e9trica e efetuaram, posteriormente, o combate ao inc\u00eandio, que, aparentemente iniciou no quarto e expandiu para a cozinha, deixando o quarto totalmente destru\u00eddo e a cozinha parcialmente danificada com as chamas e a fuma\u00e7a.<\/p>\n<p>Ap\u00f3s o combate \u00e0s chamas foi feito rescaldo do local e as provid\u00eancias policiais ficaram a cargo da Pol\u00edcia Militar, ficando tamb\u00e9m a cargo da PMMG o acionamento da Defesa Civil do Munic\u00edpio.<\/p>\n<p>Fonte: Assessoria Corpo de Bombeiros<\/p>\n","protected":false},"excerpt":{"rendered":"<p>Na tarde desta quarta-feira, 10, o Corpo de Bombeiros foi acionado para comparecer em Matias Barbosa, em virtude de um inc\u00eandio em resid\u00eancia com uma poss\u00edvel v\u00edtima no local. Deslocou para o endere\u00e7o solicitado o oficial de servi\u00e7o e uma guarni\u00e7\u00e3o de Combate a inc\u00eandio. Com a chegada das equipes no local, a Policia Militar [&hellip;]<\/p>\n","protected":false},"author":96,"featured_media":89277,"comment_status":"closed","ping_status":"closed","sticky":false,"template":"","format":"standard","meta":{"footnotes":""},"categories":[252],"tags":[],"class_list":["post-89278","post","type-post","status-publish","format-standard","has-post-thumbnail","hentry","category-regiao"],"_links":{"self":[{"href":"https:\/\/diarioregionaldigital.com.br\/index.php?rest_route=\/wp\/v2\/posts\/89278","targetHints":{"allow":["GET"]}}],"collection":[{"href":"https:\/\/diarioregionaldigital.com.br\/index.php?rest_route=\/wp\/v2\/posts"}],"about":[{"href":"https:\/\/diarioregionaldigital.com.br\/index.php?rest_route=\/wp\/v2\/types\/post"}],"author":[{"embeddable":true,"href":"https:\/\/diarioregionaldigital.com.br\/index.php?rest_route=\/wp\/v2\/users\/96"}],"replies":[{"embeddable":true,"href":"https:\/\/diarioregionaldigital.com.br\/index.php?rest_route=%2Fwp%2Fv2%2Fcomments&post=89278"}],"version-history":[{"count":0,"href":"https:\/\/diarioregionaldigital.com.br\/index.php?rest_route=\/wp\/v2\/posts\/89278\/revisions"}],"wp:featuredmedia":[{"embeddable":true,"href":"https:\/\/diarioregionaldigital.com.br\/index.php?rest_route=\/wp\/v2\/media\/89277"}],"wp:attachment":[{"href":"https:\/\/diarioregionaldigital.com.br\/index.php?rest_route=%2Fwp%2Fv2%2Fmedia&parent=89278"}],"wp:term":[{"taxonomy":"category","embeddable":true,"href":"https:\/\/diarioregionaldigital.com.br\/index.php?rest_route=%2Fwp%2Fv2%2Fcategories&post=89278"},{"taxonomy":"post_tag","embeddable":true,"href":"https:\/\/diarioregionaldigital.com.br\/index.php?rest_route=%2Fwp%2Fv2%2Ftags&post=89278"}],"curies":[{"name":"wp","href":"https:\/\/api.w.org\/{rel}","templated":true}]}}