{"id":89276,"date":"2018-01-11T14:13:08","date_gmt":"2018-01-11T16:13:08","guid":{"rendered":"http:\/\/diarioregionaljf.com.br\/2018\/01\/11\/jovem-e-ameacada-com-faca-durante-assalto-no-sao-dimas-2\/"},"modified":"2018-01-11T14:13:08","modified_gmt":"2018-01-11T16:13:08","slug":"jovem-e-ameacada-com-faca-durante-assalto-no-sao-dimas-2","status":"publish","type":"post","link":"https:\/\/diarioregionaldigital.com.br\/?p=89276","title":{"rendered":"Jovem \u00e9 amea\u00e7ada com faca durante assalto no S\u00e3o Dimas"},"content":{"rendered":"<p>Uma jovem de 24 anos foi assaltada na tarde desta quarta-feira, 10, no bairro S\u00e3o Dimas, localizado na zona Norte.<\/p>\n<p>Segundo informa\u00e7\u00f5es da Pol\u00edcia Militar (PM) a jovem sacou a quantia de R$350 em um caixa eletr\u00f4nico localizado no interior do terminal rodovi\u00e1rio Miguel Mansur. Dessa quantia, a jovem repassou R$100 a seu companheiro e seguiu para fora da rodovi\u00e1ria.<\/p>\n<p>A jovem seguiu pela Avenida Brasil e ao acessar uma passarela em sentido ao bairro Cer\u00e2mica, foi abordada por um indiv\u00edduo, armado com uma faca, que anunciou o assalto.<\/p>\n<p>De acordo com o relato da v\u00edtima, o autor aparentava ter 30 anos e fazia diversas amea\u00e7as contra ela. Ele roubou a quantia de R$250 da jovem e ap\u00f3s o crime fugiu.<\/p>\n<p>A PM realizou buscas, mas o indiv\u00edduo n\u00e3o foi localizado.<\/p>\n","protected":false},"excerpt":{"rendered":"<p>Uma jovem de 24 anos foi assaltada na tarde desta quarta-feira, 10, no bairro S\u00e3o Dimas, localizado na zona Norte. Segundo informa\u00e7\u00f5es da Pol\u00edcia Militar (PM) a jovem sacou a quantia de R$350 em um caixa eletr\u00f4nico localizado no interior do terminal rodovi\u00e1rio Miguel Mansur. Dessa quantia, a jovem repassou R$100 a seu companheiro e [&hellip;]<\/p>\n","protected":false},"author":96,"featured_media":89275,"comment_status":"closed","ping_status":"closed","sticky":false,"template":"","format":"standard","meta":{"footnotes":""},"categories":[301],"tags":[],"class_list":["post-89276","post","type-post","status-publish","format-standard","has-post-thumbnail","hentry","category-artigos-policiais"],"_links":{"self":[{"href":"https:\/\/diarioregionaldigital.com.br\/index.php?rest_route=\/wp\/v2\/posts\/89276","targetHints":{"allow":["GET"]}}],"collection":[{"href":"https:\/\/diarioregionaldigital.com.br\/index.php?rest_route=\/wp\/v2\/posts"}],"about":[{"href":"https:\/\/diarioregionaldigital.com.br\/index.php?rest_route=\/wp\/v2\/types\/post"}],"author":[{"embeddable":true,"href":"https:\/\/diarioregionaldigital.com.br\/index.php?rest_route=\/wp\/v2\/users\/96"}],"replies":[{"embeddable":true,"href":"https:\/\/diarioregionaldigital.com.br\/index.php?rest_route=%2Fwp%2Fv2%2Fcomments&post=89276"}],"version-history":[{"count":0,"href":"https:\/\/diarioregionaldigital.com.br\/index.php?rest_route=\/wp\/v2\/posts\/89276\/revisions"}],"wp:featuredmedia":[{"embeddable":true,"href":"https:\/\/diarioregionaldigital.com.br\/index.php?rest_route=\/wp\/v2\/media\/89275"}],"wp:attachment":[{"href":"https:\/\/diarioregionaldigital.com.br\/index.php?rest_route=%2Fwp%2Fv2%2Fmedia&parent=89276"}],"wp:term":[{"taxonomy":"category","embeddable":true,"href":"https:\/\/diarioregionaldigital.com.br\/index.php?rest_route=%2Fwp%2Fv2%2Fcategories&post=89276"},{"taxonomy":"post_tag","embeddable":true,"href":"https:\/\/diarioregionaldigital.com.br\/index.php?rest_route=%2Fwp%2Fv2%2Ftags&post=89276"}],"curies":[{"name":"wp","href":"https:\/\/api.w.org\/{rel}","templated":true}]}}