{"id":89274,"date":"2018-01-11T12:47:36","date_gmt":"2018-01-11T14:47:36","guid":{"rendered":"http:\/\/diarioregionaljf.com.br\/2018\/01\/11\/grupo-faz-refens-durante-assalto-a-bar-no-centro\/"},"modified":"2018-01-11T12:47:36","modified_gmt":"2018-01-11T14:47:36","slug":"grupo-faz-refens-durante-assalto-a-bar-no-centro","status":"publish","type":"post","link":"https:\/\/diarioregionaldigital.com.br\/?p=89274","title":{"rendered":"Grupo faz ref\u00e9ns durante assalto a bar no centro"},"content":{"rendered":"<p>Uma comerciante e dois clientes foram feitos ref\u00e9ns durante um assalto a um bar na Rua Bar\u00e3o de Cataguases, localizado na regi\u00e3o central da cidade. O crime foi registrado nesta quarta-feira, 10, entretanto teria ocorrido na ter\u00e7a-feira, 9. A v\u00edtima explicou \u00e0s autoridades &#8220;que ficou com medo de ficar na rua e acontecer outra coisa&#8221;.<\/p>\n<p>De acordo com o registro de ocorr\u00eancias da Pol\u00edcia Militar (PM), a propriet\u00e1ria do estabelecimento, de 50 anos, fechava o local quando tr\u00eas homens encapuzados entraram e anunciaram o assalto.<br \/>Os autores tinham a apar\u00eancia de 30 anos, porte f\u00edsico forte e carregavam, segundo relato da v\u00edtima, um objeto que parecia ser arma de fogo.<\/p>\n<p>O grupo ordenou que a mulher e mais dois clientes que estavam no interior do bar, entregassem dinheiro, celulares e depois entrassem em um banheiro do local, o que foi prontamente feito.<\/p>\n<p>Ainda de acordo com o relato, um dos clientes foi agredido por um dos assaltantes, que alegou que o mesmo teria visto seu rosto.<\/p>\n<p>O grupo roubou entre R$1000 e R$1.200, al\u00e9m de um celular, documentos e cart\u00f5es de cr\u00e9dito.<\/p>\n<p>Ap\u00f3s o crime fugiram e at\u00e9 o momento n\u00e3o foram localizados pela PM.<\/p>\n","protected":false},"excerpt":{"rendered":"<p>Uma comerciante e dois clientes foram feitos ref\u00e9ns durante um assalto a um bar na Rua Bar\u00e3o de Cataguases, localizado na regi\u00e3o central da cidade. O crime foi registrado nesta quarta-feira, 10, entretanto teria ocorrido na ter\u00e7a-feira, 9. A v\u00edtima explicou \u00e0s autoridades &#8220;que ficou com medo de ficar na rua e acontecer outra coisa&#8221;. [&hellip;]<\/p>\n","protected":false},"author":96,"featured_media":89273,"comment_status":"closed","ping_status":"closed","sticky":false,"template":"","format":"standard","meta":{"footnotes":""},"categories":[301],"tags":[],"class_list":["post-89274","post","type-post","status-publish","format-standard","has-post-thumbnail","hentry","category-artigos-policiais"],"_links":{"self":[{"href":"https:\/\/diarioregionaldigital.com.br\/index.php?rest_route=\/wp\/v2\/posts\/89274","targetHints":{"allow":["GET"]}}],"collection":[{"href":"https:\/\/diarioregionaldigital.com.br\/index.php?rest_route=\/wp\/v2\/posts"}],"about":[{"href":"https:\/\/diarioregionaldigital.com.br\/index.php?rest_route=\/wp\/v2\/types\/post"}],"author":[{"embeddable":true,"href":"https:\/\/diarioregionaldigital.com.br\/index.php?rest_route=\/wp\/v2\/users\/96"}],"replies":[{"embeddable":true,"href":"https:\/\/diarioregionaldigital.com.br\/index.php?rest_route=%2Fwp%2Fv2%2Fcomments&post=89274"}],"version-history":[{"count":0,"href":"https:\/\/diarioregionaldigital.com.br\/index.php?rest_route=\/wp\/v2\/posts\/89274\/revisions"}],"wp:featuredmedia":[{"embeddable":true,"href":"https:\/\/diarioregionaldigital.com.br\/index.php?rest_route=\/wp\/v2\/media\/89273"}],"wp:attachment":[{"href":"https:\/\/diarioregionaldigital.com.br\/index.php?rest_route=%2Fwp%2Fv2%2Fmedia&parent=89274"}],"wp:term":[{"taxonomy":"category","embeddable":true,"href":"https:\/\/diarioregionaldigital.com.br\/index.php?rest_route=%2Fwp%2Fv2%2Fcategories&post=89274"},{"taxonomy":"post_tag","embeddable":true,"href":"https:\/\/diarioregionaldigital.com.br\/index.php?rest_route=%2Fwp%2Fv2%2Ftags&post=89274"}],"curies":[{"name":"wp","href":"https:\/\/api.w.org\/{rel}","templated":true}]}}