{"id":89272,"date":"2018-01-11T12:15:26","date_gmt":"2018-01-11T14:15:26","guid":{"rendered":"http:\/\/diarioregionaljf.com.br\/2018\/01\/11\/pm-prende-jovens-e-apreende-grande-quantidade-de-drogas-no-bairro-cidade-do-sol\/"},"modified":"2018-01-11T12:15:26","modified_gmt":"2018-01-11T14:15:26","slug":"pm-prende-jovens-e-apreende-grande-quantidade-de-drogas-no-bairro-cidade-do-sol","status":"publish","type":"post","link":"https:\/\/diarioregionaldigital.com.br\/?p=89272","title":{"rendered":"PM prende jovens e apreende grande quantidade de drogas no bairro Cidade do Sol"},"content":{"rendered":"<p>Dois jovens de 18 e 26 anos foram presos pro tr\u00e1fico de drogas no in\u00edcio da madrugada desta quinta-feira, 11, no bairro Cidade do Sol, localizado na zona Norte.<\/p>\n<p>De acordo com o registro de ocorr\u00eancias da Pol\u00edcia Militar (PM), uma equipe realizava patrulha pela Avenida Juscelino Kubitschek, quando avistaram um dos autores, de 18 anos, em um ponto de \u00f4nibus. Ao perceber a presen\u00e7a policial, o jovem escondeu algo atr\u00e1s da cabine do ponto.<\/p>\n<p>Ao realizar busca pessoal com o autor e no local, a PM encontrou 46 pinos de coca\u00edna e um tablete de maconha. Tamb\u00e9m encontraram um celular e R$35.<\/p>\n<p>Em di\u00e1logo com o autor, o mesmo informou ter comprado o material com outro jovem, de 26 anos.<\/p>\n<p>A PM ent\u00e3o realizou buscas pela regi\u00e3o e localizou o indiv\u00edduo, que ao avistar a viatura tentou fugir, entretanto sem \u00eaxito.<\/p>\n<p>Os militares realizaram buscas em seu apartamento e encontraram 230 pinos com coca\u00edna, um pote com a mesma subst\u00e2ncia, tr\u00eas buchas, sete tabletes e tr\u00eas barras de maconha, uma balan\u00e7a de precis\u00e3o, um aparelho celular, al\u00e9m de uma quantia de R$238.<\/p>\n<p>Os autores foram presos e encaminhados para a delegacia.<\/p>\n","protected":false},"excerpt":{"rendered":"<p>Dois jovens de 18 e 26 anos foram presos pro tr\u00e1fico de drogas no in\u00edcio da madrugada desta quinta-feira, 11, no bairro Cidade do Sol, localizado na zona Norte. De acordo com o registro de ocorr\u00eancias da Pol\u00edcia Militar (PM), uma equipe realizava patrulha pela Avenida Juscelino Kubitschek, quando avistaram um dos autores, de 18 [&hellip;]<\/p>\n","protected":false},"author":96,"featured_media":89271,"comment_status":"closed","ping_status":"closed","sticky":false,"template":"","format":"standard","meta":{"footnotes":""},"categories":[301],"tags":[],"class_list":["post-89272","post","type-post","status-publish","format-standard","has-post-thumbnail","hentry","category-artigos-policiais"],"_links":{"self":[{"href":"https:\/\/diarioregionaldigital.com.br\/index.php?rest_route=\/wp\/v2\/posts\/89272","targetHints":{"allow":["GET"]}}],"collection":[{"href":"https:\/\/diarioregionaldigital.com.br\/index.php?rest_route=\/wp\/v2\/posts"}],"about":[{"href":"https:\/\/diarioregionaldigital.com.br\/index.php?rest_route=\/wp\/v2\/types\/post"}],"author":[{"embeddable":true,"href":"https:\/\/diarioregionaldigital.com.br\/index.php?rest_route=\/wp\/v2\/users\/96"}],"replies":[{"embeddable":true,"href":"https:\/\/diarioregionaldigital.com.br\/index.php?rest_route=%2Fwp%2Fv2%2Fcomments&post=89272"}],"version-history":[{"count":0,"href":"https:\/\/diarioregionaldigital.com.br\/index.php?rest_route=\/wp\/v2\/posts\/89272\/revisions"}],"wp:featuredmedia":[{"embeddable":true,"href":"https:\/\/diarioregionaldigital.com.br\/index.php?rest_route=\/wp\/v2\/media\/89271"}],"wp:attachment":[{"href":"https:\/\/diarioregionaldigital.com.br\/index.php?rest_route=%2Fwp%2Fv2%2Fmedia&parent=89272"}],"wp:term":[{"taxonomy":"category","embeddable":true,"href":"https:\/\/diarioregionaldigital.com.br\/index.php?rest_route=%2Fwp%2Fv2%2Fcategories&post=89272"},{"taxonomy":"post_tag","embeddable":true,"href":"https:\/\/diarioregionaldigital.com.br\/index.php?rest_route=%2Fwp%2Fv2%2Ftags&post=89272"}],"curies":[{"name":"wp","href":"https:\/\/api.w.org\/{rel}","templated":true}]}}