{"id":89231,"date":"2018-01-10T19:57:42","date_gmt":"2018-01-10T21:57:42","guid":{"rendered":"http:\/\/diarioregionaljf.com.br\/2018\/01\/10\/homem-e-preso-por-dirigir-embriagado-em-leopoldina\/"},"modified":"2018-01-10T19:57:42","modified_gmt":"2018-01-10T21:57:42","slug":"homem-e-preso-por-dirigir-embriagado-em-leopoldina","status":"publish","type":"post","link":"https:\/\/diarioregionaldigital.com.br\/?p=89231","title":{"rendered":"Homem \u00e9 preso por dirigir embriagado em Leopoldina"},"content":{"rendered":"<p>Um homem de 49 anos foi preso por dirigir embriagado, em Leopoldina (a cerca de 97 Km de JF), na noite dessa ter\u00e7a-feira, 9. O teste de baf\u00f4metro confirmou a embriaguez.<\/p>\n<p>De acordo com as informa\u00e7\u00f5es da Pol\u00edcia Militar (PM), policiais realizavam patrulhamento na regi\u00e3o central da cidade quando o ve\u00edculo foi avistado transitando em zigue-zague pela Rua Jo\u00e3o Gualberto. Ainda conforme a PM, o motorista apresentava sinais vis\u00edveis de embriaguez, como olhos avermelhados, h\u00e1lito et\u00edlico e andar cambaleante. O teste do baf\u00f4metro foi realizado e confirmou a embriaguez.<\/p>\n<p>Ainda de acordo com a pol\u00edcia, ningu\u00e9m ficou ferido e esta foi a terceira vez que o motorista foi flagrado dirigindo embriagado. Ele foi preso e encaminhado para a Delegacia Regional de Pol\u00edcia Civil (PC), onde uma fian\u00e7a foi arbitrada, por\u00e9m n\u00e3o foi paga. O ve\u00edculo foi apreendido e recolhido ao p\u00e1tio credenciado junto ao Detran-MG em Leopoldina. O motorista permanece \u00e0 disposi\u00e7\u00e3o da Justi\u00e7a.<\/p>\n<p>&nbsp;<\/p>\n<p>Da reda\u00e7\u00e3o\/O Vigilante Online<\/p>\n","protected":false},"excerpt":{"rendered":"<p>Um homem de 49 anos foi preso por dirigir embriagado, em Leopoldina (a cerca de 97 Km de JF), na noite dessa ter\u00e7a-feira, 9. O teste de baf\u00f4metro confirmou a embriaguez. De acordo com as informa\u00e7\u00f5es da Pol\u00edcia Militar (PM), policiais realizavam patrulhamento na regi\u00e3o central da cidade quando o ve\u00edculo foi avistado transitando em [&hellip;]<\/p>\n","protected":false},"author":96,"featured_media":89230,"comment_status":"closed","ping_status":"closed","sticky":false,"template":"","format":"standard","meta":{"footnotes":""},"categories":[252],"tags":[],"class_list":["post-89231","post","type-post","status-publish","format-standard","has-post-thumbnail","hentry","category-regiao"],"_links":{"self":[{"href":"https:\/\/diarioregionaldigital.com.br\/index.php?rest_route=\/wp\/v2\/posts\/89231","targetHints":{"allow":["GET"]}}],"collection":[{"href":"https:\/\/diarioregionaldigital.com.br\/index.php?rest_route=\/wp\/v2\/posts"}],"about":[{"href":"https:\/\/diarioregionaldigital.com.br\/index.php?rest_route=\/wp\/v2\/types\/post"}],"author":[{"embeddable":true,"href":"https:\/\/diarioregionaldigital.com.br\/index.php?rest_route=\/wp\/v2\/users\/96"}],"replies":[{"embeddable":true,"href":"https:\/\/diarioregionaldigital.com.br\/index.php?rest_route=%2Fwp%2Fv2%2Fcomments&post=89231"}],"version-history":[{"count":0,"href":"https:\/\/diarioregionaldigital.com.br\/index.php?rest_route=\/wp\/v2\/posts\/89231\/revisions"}],"wp:featuredmedia":[{"embeddable":true,"href":"https:\/\/diarioregionaldigital.com.br\/index.php?rest_route=\/wp\/v2\/media\/89230"}],"wp:attachment":[{"href":"https:\/\/diarioregionaldigital.com.br\/index.php?rest_route=%2Fwp%2Fv2%2Fmedia&parent=89231"}],"wp:term":[{"taxonomy":"category","embeddable":true,"href":"https:\/\/diarioregionaldigital.com.br\/index.php?rest_route=%2Fwp%2Fv2%2Fcategories&post=89231"},{"taxonomy":"post_tag","embeddable":true,"href":"https:\/\/diarioregionaldigital.com.br\/index.php?rest_route=%2Fwp%2Fv2%2Ftags&post=89231"}],"curies":[{"name":"wp","href":"https:\/\/api.w.org\/{rel}","templated":true}]}}