{"id":89229,"date":"2018-01-10T19:46:32","date_gmt":"2018-01-10T21:46:32","guid":{"rendered":"http:\/\/diarioregionaljf.com.br\/2018\/01\/10\/carreta-passa-por-cima-de-moto-e-condutor-escapa-com-ferimentos-leves-em-muriae\/"},"modified":"2018-01-10T19:46:32","modified_gmt":"2018-01-10T21:46:32","slug":"carreta-passa-por-cima-de-moto-e-condutor-escapa-com-ferimentos-leves-em-muriae","status":"publish","type":"post","link":"https:\/\/diarioregionaldigital.com.br\/?p=89229","title":{"rendered":"Carreta passa por cima de moto e condutor escapa com ferimentos leves em Muria\u00e9"},"content":{"rendered":"<p>Mais um acidente foi registrado no entroncamento das BRs 116 e 356, no local popularmente chamado de \u201ctrevo da Chevrolet\u201d, em Muria\u00e9 (a cerca de 158Km de JF). O fato ocorreu no final da tarde dessa ter\u00e7a-feira, 9. Uma carreta chegou a passar por cima de parte da moto e, mesmo assim, o condutor conseguiu escapar com ferimentos leves.<\/p>\n<p>Segundo informa\u00e7\u00f5es do Corpo de Bombeiros, testemunhas relataram que os dois ve\u00edculos seguiam pela rodovia no mesmo sentido, sendo que a moto estaria do lado direito da carreta. Ambos iniciaram, ent\u00e3o, uma curva para a direta em dire\u00e7\u00e3o ao bairro Bela Vista e, neste momento, ao perceber que seria atingido pela carreta, o condutor da moto pulou. O ve\u00edculo de carga passou por cima da roda traseira da moto e danificou boa parte da mesma.<\/p>\n<p>Com a queda, o motociclista sofreu um corte na perna direita. Ele recebeu os primeiros socorros ainda no local do acidente e em seguida foi levado para o Hospital S\u00e3o Paulo por uma ambul\u00e2ncia do SAMU.<\/p>\n<p>O registro ficou a cargo da Pol\u00edcia Rodovi\u00e1ria Federal (PRF) e a Pol\u00edcia Civil ir\u00e1 apurar as responsabilidades do ocorrido.<\/p>\n<p>&nbsp;<\/p>\n<p>Da reda\u00e7\u00e3o\/R\u00e1dio Muria\u00e9<\/p>\n","protected":false},"excerpt":{"rendered":"<p>Mais um acidente foi registrado no entroncamento das BRs 116 e 356, no local popularmente chamado de \u201ctrevo da Chevrolet\u201d, em Muria\u00e9 (a cerca de 158Km de JF). O fato ocorreu no final da tarde dessa ter\u00e7a-feira, 9. Uma carreta chegou a passar por cima de parte da moto e, mesmo assim, o condutor conseguiu [&hellip;]<\/p>\n","protected":false},"author":96,"featured_media":89228,"comment_status":"closed","ping_status":"closed","sticky":false,"template":"","format":"standard","meta":{"footnotes":""},"categories":[252],"tags":[],"class_list":["post-89229","post","type-post","status-publish","format-standard","has-post-thumbnail","hentry","category-regiao"],"_links":{"self":[{"href":"https:\/\/diarioregionaldigital.com.br\/index.php?rest_route=\/wp\/v2\/posts\/89229","targetHints":{"allow":["GET"]}}],"collection":[{"href":"https:\/\/diarioregionaldigital.com.br\/index.php?rest_route=\/wp\/v2\/posts"}],"about":[{"href":"https:\/\/diarioregionaldigital.com.br\/index.php?rest_route=\/wp\/v2\/types\/post"}],"author":[{"embeddable":true,"href":"https:\/\/diarioregionaldigital.com.br\/index.php?rest_route=\/wp\/v2\/users\/96"}],"replies":[{"embeddable":true,"href":"https:\/\/diarioregionaldigital.com.br\/index.php?rest_route=%2Fwp%2Fv2%2Fcomments&post=89229"}],"version-history":[{"count":0,"href":"https:\/\/diarioregionaldigital.com.br\/index.php?rest_route=\/wp\/v2\/posts\/89229\/revisions"}],"wp:featuredmedia":[{"embeddable":true,"href":"https:\/\/diarioregionaldigital.com.br\/index.php?rest_route=\/wp\/v2\/media\/89228"}],"wp:attachment":[{"href":"https:\/\/diarioregionaldigital.com.br\/index.php?rest_route=%2Fwp%2Fv2%2Fmedia&parent=89229"}],"wp:term":[{"taxonomy":"category","embeddable":true,"href":"https:\/\/diarioregionaldigital.com.br\/index.php?rest_route=%2Fwp%2Fv2%2Fcategories&post=89229"},{"taxonomy":"post_tag","embeddable":true,"href":"https:\/\/diarioregionaldigital.com.br\/index.php?rest_route=%2Fwp%2Fv2%2Ftags&post=89229"}],"curies":[{"name":"wp","href":"https:\/\/api.w.org\/{rel}","templated":true}]}}