{"id":89227,"date":"2018-01-10T19:36:51","date_gmt":"2018-01-10T21:36:51","guid":{"rendered":"http:\/\/diarioregionaljf.com.br\/2018\/01\/10\/pm-recupera-carga-de-leite-furtada-em-palma\/"},"modified":"2018-01-10T19:36:51","modified_gmt":"2018-01-10T21:36:51","slug":"pm-recupera-carga-de-leite-furtada-em-palma","status":"publish","type":"post","link":"https:\/\/diarioregionaldigital.com.br\/?p=89227","title":{"rendered":"PM recupera carga de leite furtada em Palma"},"content":{"rendered":"<p>Uma a\u00e7\u00e3o policial desencadeada a partir do furto de um caminh\u00e3o carregado com caixas de leite \u201clonga vida\u201d, terminou com a recupera\u00e7\u00e3o da carga, de aproximadamente 13 mil litros do produto, e na apreens\u00e3o de mais de 20 caixas de cigarros fabricados no Paraguai e l\u00e2mpadas de led sem documento fiscal. O fato se deu nessa ter\u00e7a-feira, 9, e o material foi localizado pela Pol\u00edcia Militar (PM) na cidade de Palma (a cerca de 146Km de Juiz de Fora). Segundo a corpora\u00e7\u00e3o, tr\u00eas pessoas foram detidas.<\/p>\n<p>Ainda de acordo PM, o trabalho policial teve in\u00edcio ap\u00f3s militares receberem informa\u00e7\u00f5es de que o caminh\u00e3o havia sido furtado no munic\u00edpio de Sapucaia (RJ), pr\u00f3ximo a Al\u00e9m Para\u00edba (MG), e que o ve\u00edculo, sem a carga, j\u00e1 havia sido encontrado em Laranjal (MG), por\u00e9m, com registro no sistema de rastreamento apontando uma parada em um dep\u00f3sito de bebidas em Palma.<\/p>\n<p>Equipes seguiram para o endere\u00e7o e, conforme a PM, metade da carga de leite foi encontrada no dep\u00f3sito, em meio a engradados de bebidas, onde um dos suspeitos foi detido. J\u00e1 a outra metade do carregamento estava sendo levada, pelos outros dois detidos, para Miracema (RJ), em um caminh\u00e3o.<\/p>\n<p>A corpora\u00e7\u00e3o relata que, ap\u00f3s contato telef\u00f4nico com a dupla que transportava a mercadoria, os dois homens retornaram para Palma, sendo o restante da carga recuperado e os tr\u00eas envolvidos detidos e encaminhados \u00e0 delegacia da Pol\u00edcia Civil (PC).<\/p>\n<p>Ainda de acordo com a PM, durante a a\u00e7\u00e3o tamb\u00e9m foram apreendidas 22 caixas com cigarros fabricados no Paraguai e sem documenta\u00e7\u00e3o fiscal, assim como v\u00e1rias l\u00e2mpadas de led.<\/p>\n<p>A per\u00edcia da PC realizou os trabalhos t\u00e9cnicos e a carga de leite foi liberada para um representante da empresa propriet\u00e1ria da mercadoria.<\/p>\n<p>&nbsp;<\/p>\n<p>Da reda\u00e7\u00e3o\/R\u00e1dio Muria\u00e9<\/p>\n","protected":false},"excerpt":{"rendered":"<p>Uma a\u00e7\u00e3o policial desencadeada a partir do furto de um caminh\u00e3o carregado com caixas de leite \u201clonga vida\u201d, terminou com a recupera\u00e7\u00e3o da carga, de aproximadamente 13 mil litros do produto, e na apreens\u00e3o de mais de 20 caixas de cigarros fabricados no Paraguai e l\u00e2mpadas de led sem documento fiscal. O fato se deu [&hellip;]<\/p>\n","protected":false},"author":96,"featured_media":89226,"comment_status":"closed","ping_status":"closed","sticky":false,"template":"","format":"standard","meta":{"footnotes":""},"categories":[252],"tags":[],"class_list":["post-89227","post","type-post","status-publish","format-standard","has-post-thumbnail","hentry","category-regiao"],"_links":{"self":[{"href":"https:\/\/diarioregionaldigital.com.br\/index.php?rest_route=\/wp\/v2\/posts\/89227","targetHints":{"allow":["GET"]}}],"collection":[{"href":"https:\/\/diarioregionaldigital.com.br\/index.php?rest_route=\/wp\/v2\/posts"}],"about":[{"href":"https:\/\/diarioregionaldigital.com.br\/index.php?rest_route=\/wp\/v2\/types\/post"}],"author":[{"embeddable":true,"href":"https:\/\/diarioregionaldigital.com.br\/index.php?rest_route=\/wp\/v2\/users\/96"}],"replies":[{"embeddable":true,"href":"https:\/\/diarioregionaldigital.com.br\/index.php?rest_route=%2Fwp%2Fv2%2Fcomments&post=89227"}],"version-history":[{"count":0,"href":"https:\/\/diarioregionaldigital.com.br\/index.php?rest_route=\/wp\/v2\/posts\/89227\/revisions"}],"wp:featuredmedia":[{"embeddable":true,"href":"https:\/\/diarioregionaldigital.com.br\/index.php?rest_route=\/wp\/v2\/media\/89226"}],"wp:attachment":[{"href":"https:\/\/diarioregionaldigital.com.br\/index.php?rest_route=%2Fwp%2Fv2%2Fmedia&parent=89227"}],"wp:term":[{"taxonomy":"category","embeddable":true,"href":"https:\/\/diarioregionaldigital.com.br\/index.php?rest_route=%2Fwp%2Fv2%2Fcategories&post=89227"},{"taxonomy":"post_tag","embeddable":true,"href":"https:\/\/diarioregionaldigital.com.br\/index.php?rest_route=%2Fwp%2Fv2%2Ftags&post=89227"}],"curies":[{"name":"wp","href":"https:\/\/api.w.org\/{rel}","templated":true}]}}