{"id":89225,"date":"2018-01-10T19:26:14","date_gmt":"2018-01-10T21:26:14","guid":{"rendered":"http:\/\/diarioregionaljf.com.br\/2018\/01\/10\/em-alta-4\/"},"modified":"2018-01-10T19:26:14","modified_gmt":"2018-01-10T21:26:14","slug":"em-alta-4","status":"publish","type":"post","link":"https:\/\/diarioregionaldigital.com.br\/?p=89225","title":{"rendered":"Em Alta"},"content":{"rendered":"<p style=\"text-align: center;\"><span class=\"h4\">Comilan\u00e7a<\/span><br \/>Prossegue at\u00e9 sexta-feira o evento Cozinha Kids. Em sua sexta-edi\u00e7\u00e3o da col\u00f4nia de f\u00e9rias, os baixinhos estar\u00e3o sob a batuta de Jhonata Reis e Maur\u00edcio Mansur preparando e degustando pratos tem\u00e1ticos de personagens como Galinha Pintadinha, Peppa Pig, Ursinho Pooh, Aladdin, Scherek, entre diversos.<\/p>\n<p style=\"text-align: center;\"><span class=\"h4\">Revis\u00e3o<\/span><br \/>Nem tudo que reluz \u00e9 ouro. O governo quer aproveitar uma iniciativa do congresso para reduzir a rigidez do Or\u00e7amento e com isso mudar uma norma que tem dado dor de cabe\u00e7a \u00e0 equipe econ\u00f4mica: a regra de ouro. Para ela, as opera\u00e7\u00f5es de cr\u00e9dito da Uni\u00e3o n\u00e3o podem ser maiores que as despesas com investimentos.<\/p>\n<p style=\"text-align: center;\"><span class=\"h4\">Em Alta<\/span><br \/>Comunicado da Santa Casa de Juiz de Fora, revela que o programa de resid\u00eancia m\u00e9dica \u00e9 um sucesso s\u00f3. O processo seletivo para 2018 teve 970 inscritos, com quase 35 candidatos por vaga.<\/p>\n<p style=\"text-align: center;\"><span class=\"h4\">Esta\u00e7\u00e3o Esqui<\/span><br \/>A Chanel est\u00e1 de volta a Courchevel, nos alpes franceses, com uma pop-up store que fica aberta at\u00e9 o final de abril. As cole\u00e7\u00f5es outono-inverno 2017\/2018 exibe a elegante moda, al\u00e9m das linhas de rel\u00f3gios e de j\u00f3ias. O ambiente da Maison \u00e9 luxuoso e \u00e9 o oitavo ano que despeja glamour na cidade da neve.<\/p>\n<p style=\"text-align: center;\"><span class=\"h4\">3 de fevereiro Grito de Carnava<\/span><br \/>A Pra\u00e7a Jarbas de Lery Santos vai estremecer no dia 04 de fevereiro com a turma do Bloc\u00e3o. Fabiana Matos promete reunir os rostos mais bonitos da cidade. Marcelo Vianna e Jussara Lira e J\u00falio Modesto com Raquel Silva, estar\u00e3o l\u00e1.<\/p>\n<p style=\"text-align: center;\"><img decoding=\"async\" class=\" size-full wp-image-89216\" src=\"http:\/\/diarioregionaljf.com.br\/wp-content\/uploads\/2018\/01\/diario-int-22938-1.jpg\" alt=\"fotoa.jpg\" width=\"680\" style=\"display: block; margin-left: auto; margin-right: auto;\" srcset=\"https:\/\/diarioregionaldigital.com.br\/wp-content\/uploads\/2018\/01\/diario-int-22938-1.jpg 680w, https:\/\/diarioregionaldigital.com.br\/wp-content\/uploads\/2018\/01\/diario-int-22938-1-266x300.jpg 266w, https:\/\/diarioregionaldigital.com.br\/wp-content\/uploads\/2018\/01\/diario-int-22938-1-360x407.jpg 360w\" sizes=\"(max-width: 680px) 100vw, 680px\" \/>Abrindo esta coluna hoje com as belas do ver\u00e3o, simplesmente Renata Hirschberg<\/p>\n<p style=\"text-align: center;\"><img decoding=\"async\" class=\" size-full wp-image-89217\" src=\"http:\/\/diarioregionaljf.com.br\/wp-content\/uploads\/2018\/01\/diario-int-22938-2.jpg\" alt=\"fotob.jpg\" width=\"680\" style=\"display: block; margin-left: auto; margin-right: auto;\" srcset=\"https:\/\/diarioregionaldigital.com.br\/wp-content\/uploads\/2018\/01\/diario-int-22938-2.jpg 680w, https:\/\/diarioregionaldigital.com.br\/wp-content\/uploads\/2018\/01\/diario-int-22938-2-300x199.jpg 300w, https:\/\/diarioregionaldigital.com.br\/wp-content\/uploads\/2018\/01\/diario-int-22938-2-360x238.jpg 360w\" sizes=\"(max-width: 680px) 100vw, 680px\" \/>Em Trancoso, o Tigrinho Igor Oliveira, em close especial para esta coluna<\/p>\n<p style=\"text-align: center;\"><img decoding=\"async\" class=\" size-full wp-image-89218\" src=\"http:\/\/diarioregionaljf.com.br\/wp-content\/uploads\/2018\/01\/diario-int-22938-3.jpg\" alt=\"fotoc.jpg\" width=\"680\" style=\"display: block; margin-left: auto; margin-right: auto;\" srcset=\"https:\/\/diarioregionaldigital.com.br\/wp-content\/uploads\/2018\/01\/diario-int-22938-3.jpg 680w, https:\/\/diarioregionaldigital.com.br\/wp-content\/uploads\/2018\/01\/diario-int-22938-3-300x198.jpg 300w, https:\/\/diarioregionaldigital.com.br\/wp-content\/uploads\/2018\/01\/diario-int-22938-3-360x238.jpg 360w\" sizes=\"(max-width: 680px) 100vw, 680px\" \/>Colun\u00e1veis no Privil\u00e9ge, Cl\u00e1udia Fontenelle e Ant\u00f4nio Carlos Rezende, Pablo Oazen e Eduardo Gomes<\/p>\n<p style=\"text-align: center;\"><img decoding=\"async\" class=\" size-full wp-image-89219\" src=\"http:\/\/diarioregionaljf.com.br\/wp-content\/uploads\/2018\/01\/diario-int-22938-4.jpg\" alt=\"fotod.jpg\" width=\"680\" style=\"display: block; margin-left: auto; margin-right: auto;\" srcset=\"https:\/\/diarioregionaldigital.com.br\/wp-content\/uploads\/2018\/01\/diario-int-22938-4.jpg 680w, https:\/\/diarioregionaldigital.com.br\/wp-content\/uploads\/2018\/01\/diario-int-22938-4-266x300.jpg 266w, https:\/\/diarioregionaldigital.com.br\/wp-content\/uploads\/2018\/01\/diario-int-22938-4-360x407.jpg 360w\" sizes=\"(max-width: 680px) 100vw, 680px\" \/>Curtindo o Caf\u00e9 da Mata, Andr\u00e9 Giovaninni<\/p>\n<p style=\"text-align: center;\"><img decoding=\"async\" class=\" size-full wp-image-89220\" src=\"http:\/\/diarioregionaljf.com.br\/wp-content\/uploads\/2018\/01\/diario-int-22938-5.jpg\" alt=\"fotoe.jpg\" width=\"680\" style=\"display: block; margin-left: auto; margin-right: auto;\" srcset=\"https:\/\/diarioregionaldigital.com.br\/wp-content\/uploads\/2018\/01\/diario-int-22938-5.jpg 680w, https:\/\/diarioregionaldigital.com.br\/wp-content\/uploads\/2018\/01\/diario-int-22938-5-300x199.jpg 300w, https:\/\/diarioregionaldigital.com.br\/wp-content\/uploads\/2018\/01\/diario-int-22938-5-360x238.jpg 360w\" sizes=\"(max-width: 680px) 100vw, 680px\" \/>Na R\u00e1dio SulAm\u00e9rica Paradiso FM no Rio, a produtora Ang\u00e9lica Cabral, Rildo Hora, Sandra Portella e Carlinhos de Jesus<\/p>\n<p style=\"text-align: center;\"><img decoding=\"async\" class=\" size-full wp-image-89221\" src=\"http:\/\/diarioregionaljf.com.br\/wp-content\/uploads\/2018\/01\/diario-int-22938-6.jpg\" alt=\"fotof.jpg\" width=\"680\" style=\"display: block; margin-left: auto; margin-right: auto;\" srcset=\"https:\/\/diarioregionaldigital.com.br\/wp-content\/uploads\/2018\/01\/diario-int-22938-6.jpg 680w, https:\/\/diarioregionaldigital.com.br\/wp-content\/uploads\/2018\/01\/diario-int-22938-6-300x199.jpg 300w, https:\/\/diarioregionaldigital.com.br\/wp-content\/uploads\/2018\/01\/diario-int-22938-6-360x238.jpg 360w\" sizes=\"(max-width: 680px) 100vw, 680px\" \/>Gente talentosa da Comunica\u00e7\u00e3o da C\u00e2mara Municipal de Juiz de Fora, Geovana Celano, Adriano Miranda, Maur\u00edcio Oliveira, Jeyson Dias e Warley Bueno<\/p>\n<p style=\"text-align: center;\"><img decoding=\"async\" class=\" size-full wp-image-89222\" src=\"http:\/\/diarioregionaljf.com.br\/wp-content\/uploads\/2018\/01\/diario-int-22938-7.jpg\" alt=\"fotog.jpg\" width=\"680\" style=\"display: block; margin-left: auto; margin-right: auto;\" srcset=\"https:\/\/diarioregionaldigital.com.br\/wp-content\/uploads\/2018\/01\/diario-int-22938-7.jpg 680w, https:\/\/diarioregionaldigital.com.br\/wp-content\/uploads\/2018\/01\/diario-int-22938-7-300x199.jpg 300w, https:\/\/diarioregionaldigital.com.br\/wp-content\/uploads\/2018\/01\/diario-int-22938-7-360x238.jpg 360w\" sizes=\"(max-width: 680px) 100vw, 680px\" \/>Moda e M\u00fasica de qualidade com o empres\u00e1rio Henrique Vidal e o Dj Murillo Lopes<\/p>\n<p style=\"text-align: center;\"><img decoding=\"async\" class=\" size-full wp-image-89223\" src=\"http:\/\/diarioregionaljf.com.br\/wp-content\/uploads\/2018\/01\/diario-int-22938-8.jpg\" alt=\"fotoh.jpg\" width=\"680\" style=\"display: block; margin-left: auto; margin-right: auto;\" srcset=\"https:\/\/diarioregionaldigital.com.br\/wp-content\/uploads\/2018\/01\/diario-int-22938-8.jpg 680w, https:\/\/diarioregionaldigital.com.br\/wp-content\/uploads\/2018\/01\/diario-int-22938-8-300x178.jpg 300w, https:\/\/diarioregionaldigital.com.br\/wp-content\/uploads\/2018\/01\/diario-int-22938-8-360x213.jpg 360w\" sizes=\"(max-width: 680px) 100vw, 680px\" \/>No Marcellu\u2019s Aero, as elegantes irm\u00e3s, Eliana Lamha, \u00c1urea Lamha e L\u00facia Lamha Castell\u00f5es<\/p>\n<p style=\"text-align: center;\"><img decoding=\"async\" class=\" size-full wp-image-89224\" src=\"http:\/\/diarioregionaljf.com.br\/wp-content\/uploads\/2018\/01\/diario-int-22938-9.jpg\" alt=\"fotoi.jpg\" width=\"680\" style=\"display: block; margin-left: auto; margin-right: auto;\" srcset=\"https:\/\/diarioregionaldigital.com.br\/wp-content\/uploads\/2018\/01\/diario-int-22938-9.jpg 680w, https:\/\/diarioregionaldigital.com.br\/wp-content\/uploads\/2018\/01\/diario-int-22938-9-300x199.jpg 300w, https:\/\/diarioregionaldigital.com.br\/wp-content\/uploads\/2018\/01\/diario-int-22938-9-360x238.jpg 360w\" sizes=\"(max-width: 680px) 100vw, 680px\" \/>Jovens din\u00e2micos do Armaz\u00e9m do Porto, o jovem empres\u00e1rio Zeca Fonseca, ladeado de Felipe Zanini e Gustavo Prado<\/p>\n<p class=\"h4\" style=\"text-align: center;\">FOTOSS\u00cdNTESE<\/p>\n<p>Aniversariando nesta 5\u00aa feira, 11 de janeiro as queridas Lais D\u2019\u00c2ngela Gomes da Rocha Azevedo e as g\u00eameas Sandra e Virginia Dode. Parab\u00e9ns.<\/p>\n<p>Em estilo confete e serpentina, ser\u00e1 no s\u00e1bado, 20 de janeiro o evento rainha de Bateria com escolha das mais poderosas. \u00c0 partir das 14h, ter\u00e1 as atra\u00e7\u00f5es: Nascimento, Grupo Fam\u00edlia, Samba da Galera, Grupo La\u00e7os de Amizade, TiTiTi da Resenha, Bateira Uni\u00e3o das Cores, Real Grandeza, Unidos do Ladeira e Samba da Galera. A locu\u00e7\u00e3o ser\u00e1 de R\u00e9gis da Vila e o cen\u00e1rio ser\u00e1 a quadra da Uni\u00e3o das Cores no Milho Branco. Reservas: 98805-6624.<\/p>\n<p>Entre os dias 26 e 28 de janeiro, o C\u00e9sar Park Hotel ser\u00e1 cen\u00e1rio para o curso de \u2018photoshop\u2019 para estamparia comandado por Cissa Victoi.<\/p>\n<p>Agendado para o dia 14 de janeiro, as 9h, o Bols\u00e3o para o Col\u00e9gio Pio XII, com Ensino M\u00e9dio, Ensino Fundamental e T\u00e9cnico. Fa\u00e7a sua inscri\u00e7\u00e3o pelo fone : 3215-6701.<\/p>\n<p>A Unimed completou esta semana 45 anos de sucesso.<\/p>\n<p>Aten\u00e7\u00e3o: o primeiro vestibular de medicina da Suprema, em Tr\u00eas Rios (RJ), ser\u00e1 em mar\u00e7o com 50 vagas.<\/p>\n<p>Agendado para 13 de janeiro, na Livraria Paulus, a palestra motivacional de Cristiano Moreira. Ele vai falar sobre os tr\u00eas passos para um ano extraordin\u00e1rio.<\/p>\n<p>O Cultural informa: no dia 14 de janeiro tem show da diva Sandra Portella e no dia 20, o palco ser\u00e1 todo do cantor Leoni, apresentando o show \u201cSucesso\u201d.<\/p>\n<p>Curtindo o Iate Clube no Rio de Janeiro, o bonito casal Alice Furtado e Fernando Prado.<\/p>\n<p>Bonitas gravuras com o tema Modernidade Europeia est\u00e3o enfeitando as paredes do Museu de Arte Murilo Mendes.<\/p>\n<p>At\u00e9 o dia 15 de janeiro acontece a Col\u00f4nia de F\u00e9rias com o tema Aventura Ilimitada no Clube dos Banc\u00e1rios. Para faixa et\u00e1ria de 05 a 12 anos.<\/p>\n<p>No dia 13 de janeiro, o Bar da F\u00e1brica vai apresentar o Show Zona Blue toca Engenheiros do Hawai. Ser\u00e1 \u00e0s 20h.<\/p>\n<p>Para o m\u00eas de f\u00e9rias, o Privil\u00e9ge apresenta nesta 5\u00aa feira, 11, Show com Fabr\u00edcio &amp; Gabriel + Grupo Alquimia. \u00c0s 23h.<\/p>\n<p>Para delirar: O mundo n\u00e3o est\u00e1 interessado nos temporais que voc\u00ea encontrou. Ele quer saber se voc\u00ea trouxe o navio. Bom dia.<\/p>\n","protected":false},"excerpt":{"rendered":"<p>Comilan\u00e7aProssegue at\u00e9 sexta-feira o evento Cozinha Kids. Em sua sexta-edi\u00e7\u00e3o da col\u00f4nia de f\u00e9rias, os baixinhos estar\u00e3o sob a batuta de Jhonata Reis e Maur\u00edcio Mansur preparando e degustando pratos tem\u00e1ticos de personagens como Galinha Pintadinha, Peppa Pig, Ursinho Pooh, Aladdin, Scherek, entre diversos. Revis\u00e3oNem tudo que reluz \u00e9 ouro. O governo quer aproveitar uma [&hellip;]<\/p>\n","protected":false},"author":96,"featured_media":89215,"comment_status":"closed","ping_status":"closed","sticky":false,"template":"","format":"standard","meta":{"footnotes":""},"categories":[264],"tags":[],"class_list":["post-89225","post","type-post","status-publish","format-standard","has-post-thumbnail","hentry","category-eduardo-gomes"],"_links":{"self":[{"href":"https:\/\/diarioregionaldigital.com.br\/index.php?rest_route=\/wp\/v2\/posts\/89225","targetHints":{"allow":["GET"]}}],"collection":[{"href":"https:\/\/diarioregionaldigital.com.br\/index.php?rest_route=\/wp\/v2\/posts"}],"about":[{"href":"https:\/\/diarioregionaldigital.com.br\/index.php?rest_route=\/wp\/v2\/types\/post"}],"author":[{"embeddable":true,"href":"https:\/\/diarioregionaldigital.com.br\/index.php?rest_route=\/wp\/v2\/users\/96"}],"replies":[{"embeddable":true,"href":"https:\/\/diarioregionaldigital.com.br\/index.php?rest_route=%2Fwp%2Fv2%2Fcomments&post=89225"}],"version-history":[{"count":0,"href":"https:\/\/diarioregionaldigital.com.br\/index.php?rest_route=\/wp\/v2\/posts\/89225\/revisions"}],"wp:featuredmedia":[{"embeddable":true,"href":"https:\/\/diarioregionaldigital.com.br\/index.php?rest_route=\/wp\/v2\/media\/89215"}],"wp:attachment":[{"href":"https:\/\/diarioregionaldigital.com.br\/index.php?rest_route=%2Fwp%2Fv2%2Fmedia&parent=89225"}],"wp:term":[{"taxonomy":"category","embeddable":true,"href":"https:\/\/diarioregionaldigital.com.br\/index.php?rest_route=%2Fwp%2Fv2%2Fcategories&post=89225"},{"taxonomy":"post_tag","embeddable":true,"href":"https:\/\/diarioregionaldigital.com.br\/index.php?rest_route=%2Fwp%2Fv2%2Ftags&post=89225"}],"curies":[{"name":"wp","href":"https:\/\/api.w.org\/{rel}","templated":true}]}}