{"id":89214,"date":"2018-01-10T19:07:45","date_gmt":"2018-01-10T21:07:45","guid":{"rendered":"http:\/\/diarioregionaljf.com.br\/2018\/01\/10\/projeto-proibe-exigir-experiencia-profissional-em-concursos-federais\/"},"modified":"2018-01-10T19:07:45","modified_gmt":"2018-01-10T21:07:45","slug":"projeto-proibe-exigir-experiencia-profissional-em-concursos-federais","status":"publish","type":"post","link":"https:\/\/diarioregionaldigital.com.br\/?p=89214","title":{"rendered":"Projeto pro\u00edbe exigir experi\u00eancia profissional em concursos federais"},"content":{"rendered":"<p>A C\u00e2mara dos Deputados analisa o Projeto de Lei 8392\/17, do deputado Lelo Coimbra (PMDB-ES), que pro\u00edbe a exig\u00eancia de experi\u00eancia pr\u00e9via nos concursos p\u00fablicos federais.<\/p>\n<p>O autor argumenta que \u201cqualquer exig\u00eancia al\u00e9m da qualifica\u00e7\u00e3o profissional m\u00ednima para o desempenho do cargo, seja de cursos de forma\u00e7\u00e3o espec\u00edficos ou mesmo experi\u00eancia pregressa na atividade, \u00e9 inconstitucional\u201d.<\/p>\n<p>A medida alcan\u00e7a todos os concursos p\u00fablicos realizados pela Uni\u00e3o, autarquias e funda\u00e7\u00f5es p\u00fablicas federais. O texto faz uma ressalva para os requisitos de experi\u00eancia profissional previstos na Constitui\u00e7\u00e3o para acesso a determinados cargos p\u00fablicos.<\/p>\n<p>&nbsp;<\/p>\n<h4>TRAMITA\u00c7\u00c3O<\/h4>\n<p>A proposta ser\u00e1 analisada de forma conclusiva pelas comiss\u00f5es de Trabalho, de Administra\u00e7\u00e3o e Servi\u00e7o P\u00fablico; e de Constitui\u00e7\u00e3o e Justi\u00e7a e de Cidadania.<\/p>\n<p>Fonte: Ag\u00eancia C\u00e2mara Not\u00edcias<\/p>\n","protected":false},"excerpt":{"rendered":"<p>A C\u00e2mara dos Deputados analisa o Projeto de Lei 8392\/17, do deputado Lelo Coimbra (PMDB-ES), que pro\u00edbe a exig\u00eancia de experi\u00eancia pr\u00e9via nos concursos p\u00fablicos federais. O autor argumenta que \u201cqualquer exig\u00eancia al\u00e9m da qualifica\u00e7\u00e3o profissional m\u00ednima para o desempenho do cargo, seja de cursos de forma\u00e7\u00e3o espec\u00edficos ou mesmo experi\u00eancia pregressa na atividade, \u00e9 [&hellip;]<\/p>\n","protected":false},"author":96,"featured_media":89213,"comment_status":"closed","ping_status":"closed","sticky":false,"template":"","format":"standard","meta":{"footnotes":""},"categories":[254],"tags":[],"class_list":["post-89214","post","type-post","status-publish","format-standard","has-post-thumbnail","hentry","category-politica"],"_links":{"self":[{"href":"https:\/\/diarioregionaldigital.com.br\/index.php?rest_route=\/wp\/v2\/posts\/89214","targetHints":{"allow":["GET"]}}],"collection":[{"href":"https:\/\/diarioregionaldigital.com.br\/index.php?rest_route=\/wp\/v2\/posts"}],"about":[{"href":"https:\/\/diarioregionaldigital.com.br\/index.php?rest_route=\/wp\/v2\/types\/post"}],"author":[{"embeddable":true,"href":"https:\/\/diarioregionaldigital.com.br\/index.php?rest_route=\/wp\/v2\/users\/96"}],"replies":[{"embeddable":true,"href":"https:\/\/diarioregionaldigital.com.br\/index.php?rest_route=%2Fwp%2Fv2%2Fcomments&post=89214"}],"version-history":[{"count":0,"href":"https:\/\/diarioregionaldigital.com.br\/index.php?rest_route=\/wp\/v2\/posts\/89214\/revisions"}],"wp:featuredmedia":[{"embeddable":true,"href":"https:\/\/diarioregionaldigital.com.br\/index.php?rest_route=\/wp\/v2\/media\/89213"}],"wp:attachment":[{"href":"https:\/\/diarioregionaldigital.com.br\/index.php?rest_route=%2Fwp%2Fv2%2Fmedia&parent=89214"}],"wp:term":[{"taxonomy":"category","embeddable":true,"href":"https:\/\/diarioregionaldigital.com.br\/index.php?rest_route=%2Fwp%2Fv2%2Fcategories&post=89214"},{"taxonomy":"post_tag","embeddable":true,"href":"https:\/\/diarioregionaldigital.com.br\/index.php?rest_route=%2Fwp%2Fv2%2Ftags&post=89214"}],"curies":[{"name":"wp","href":"https:\/\/api.w.org\/{rel}","templated":true}]}}