{"id":89212,"date":"2018-01-10T19:01:41","date_gmt":"2018-01-10T21:01:41","guid":{"rendered":"http:\/\/diarioregionaljf.com.br\/2018\/01\/10\/pm-apreende-drogas-e-mais-de-r-4-5-mil-em-acao-de-combate-ao-trafico-no-vila-alpina\/"},"modified":"2018-01-10T19:01:41","modified_gmt":"2018-01-10T21:01:41","slug":"pm-apreende-drogas-e-mais-de-r-4-5-mil-em-acao-de-combate-ao-trafico-no-vila-alpina","status":"publish","type":"post","link":"https:\/\/diarioregionaldigital.com.br\/?p=89212","title":{"rendered":"PM apreende drogas e mais de R$4,5 mil em a\u00e7\u00e3o de combate ao tr\u00e1fico no Vila Alpina"},"content":{"rendered":"<p>Dois homens e uma mulher foram detidos pela Pol\u00edcia Militar (PM) durante cumprimento a mandado de busca e apreens\u00e3o na resid\u00eancia de um dos principais suspeitos do tr\u00e1fico de drogas na regi\u00e3o do bairro Vila Alpina, zona Leste de Juiz de Fora, nesta quarta-feira, 10.<\/p>\n<p>Segundo informa\u00e7\u00f5es da PM, durante a a\u00e7\u00e3o foram apreendidas uma pistola 9mm, um carregador, 15 muni\u00e7\u00f5es intactas de mesmo calibre, al\u00e9m de 47 muni\u00e7\u00f5es intactas de calibre .40. Tamb\u00e9m foram localizadas duas balan\u00e7as de precis\u00e3o e por\u00e7\u00f5es de coca\u00edna, crack e maconha.<\/p>\n<p>Os militares ainda apreenderam a quantia de R$4.692.<\/p>\n<p>&nbsp;<\/p>\n<p>&nbsp;<\/p>\n<p>&nbsp;<\/p>\n","protected":false},"excerpt":{"rendered":"<p>Dois homens e uma mulher foram detidos pela Pol\u00edcia Militar (PM) durante cumprimento a mandado de busca e apreens\u00e3o na resid\u00eancia de um dos principais suspeitos do tr\u00e1fico de drogas na regi\u00e3o do bairro Vila Alpina, zona Leste de Juiz de Fora, nesta quarta-feira, 10. Segundo informa\u00e7\u00f5es da PM, durante a a\u00e7\u00e3o foram apreendidas uma [&hellip;]<\/p>\n","protected":false},"author":96,"featured_media":89211,"comment_status":"closed","ping_status":"closed","sticky":false,"template":"","format":"standard","meta":{"footnotes":""},"categories":[253],"tags":[],"class_list":["post-89212","post","type-post","status-publish","format-standard","has-post-thumbnail","hentry","category-cidade"],"_links":{"self":[{"href":"https:\/\/diarioregionaldigital.com.br\/index.php?rest_route=\/wp\/v2\/posts\/89212","targetHints":{"allow":["GET"]}}],"collection":[{"href":"https:\/\/diarioregionaldigital.com.br\/index.php?rest_route=\/wp\/v2\/posts"}],"about":[{"href":"https:\/\/diarioregionaldigital.com.br\/index.php?rest_route=\/wp\/v2\/types\/post"}],"author":[{"embeddable":true,"href":"https:\/\/diarioregionaldigital.com.br\/index.php?rest_route=\/wp\/v2\/users\/96"}],"replies":[{"embeddable":true,"href":"https:\/\/diarioregionaldigital.com.br\/index.php?rest_route=%2Fwp%2Fv2%2Fcomments&post=89212"}],"version-history":[{"count":0,"href":"https:\/\/diarioregionaldigital.com.br\/index.php?rest_route=\/wp\/v2\/posts\/89212\/revisions"}],"wp:featuredmedia":[{"embeddable":true,"href":"https:\/\/diarioregionaldigital.com.br\/index.php?rest_route=\/wp\/v2\/media\/89211"}],"wp:attachment":[{"href":"https:\/\/diarioregionaldigital.com.br\/index.php?rest_route=%2Fwp%2Fv2%2Fmedia&parent=89212"}],"wp:term":[{"taxonomy":"category","embeddable":true,"href":"https:\/\/diarioregionaldigital.com.br\/index.php?rest_route=%2Fwp%2Fv2%2Fcategories&post=89212"},{"taxonomy":"post_tag","embeddable":true,"href":"https:\/\/diarioregionaldigital.com.br\/index.php?rest_route=%2Fwp%2Fv2%2Ftags&post=89212"}],"curies":[{"name":"wp","href":"https:\/\/api.w.org\/{rel}","templated":true}]}}