{"id":89210,"date":"2018-01-10T19:00:21","date_gmt":"2018-01-10T21:00:21","guid":{"rendered":"http:\/\/diarioregionaljf.com.br\/2018\/01\/10\/projeto-que-obriga-desbloqueio-de-vias-em-manifestacoes-tem-voto-favoravel\/"},"modified":"2018-01-10T19:00:21","modified_gmt":"2018-01-10T21:00:21","slug":"projeto-que-obriga-desbloqueio-de-vias-em-manifestacoes-tem-voto-favoravel","status":"publish","type":"post","link":"https:\/\/diarioregionaldigital.com.br\/?p=89210","title":{"rendered":"Projeto que obriga desbloqueio de vias em manifesta\u00e7\u00f5es tem voto favor\u00e1vel"},"content":{"rendered":"<p>Projeto do senador Romero Juc\u00e1 (PMDB-RR), que tem como objetivo impedir o bloqueio de vias terrestres como estrat\u00e9gia reivindicativa de grupos sociais ou pol\u00edticos, recebeu voto favor\u00e1vel do relator, senador Valdir Raupp (PMDB-RO), na Comiss\u00e3o de Constitui\u00e7\u00e3o, Justi\u00e7a e Cidadania (CCJ).<\/p>\n<p>O projeto (PLS 304\/2014)inclui no C\u00f3digo de Tr\u00e2nsito Brasileiro (CTB) o direito ao &#8220;tr\u00e2nsito livre&#8221;, determinando que \u00e9 dever dos \u00f3rg\u00e3os do sistema &#8220;adotar as medidas destinadas para assegurar o exerc\u00edcio deste direito&#8221;.<\/p>\n<p>&#8220;N\u00e3o se pode admitir que pessoas ou grupos imponham, \u00e0 for\u00e7a, qualquer restri\u00e7\u00e3o ao direito de locomo\u00e7\u00e3o, ainda que o fa\u00e7am sob pretexto de assegurar outros direitos. Conflitos de interesses devem ser resolvidos pela via adequada, jamais pelo recurso da for\u00e7a ou da intimida\u00e7\u00e3o&#8221;, afirma Juc\u00e1 na justificativa do projeto.<\/p>\n<p>Ou seja, de acordo com o texto, as Pol\u00edcias Militares, a Pol\u00edcia Rodovi\u00e1ria Federal, os Departamentos de Tr\u00e2nsito (Detrans), os Conselhos Nacional de Tr\u00e2nsito (Contran), os conselhos estaduais e outros \u00f3rg\u00e3os que fazem parte do sistema, ter\u00e3o a responsabilidade de tomar provid\u00eancias mantendo as vias terrestres abertas e livres a todo tempo, para que pessoas e ve\u00edculos possam circular, estacionar ou fazer opera\u00e7\u00f5es de carga e descarga.<\/p>\n<p>O direito de transitar pelas vias terrestres s\u00f3 poderia ser suspenso em caso de guerra ou calamidade, de situa\u00e7\u00f5es que comprometem a seguran\u00e7a do tr\u00e1fego (obras ou atendimento a v\u00edtimas de acidentes) ou em caso de ordem judicial. O projeto pro\u00edbe ainda a cobran\u00e7a de ped\u00e1gio em desacordo com as condi\u00e7\u00f5es previstas pelo poder p\u00fablico, ou seja, pela concess\u00e3o regular do Estado.<\/p>\n<p>Fonte: Ag\u00eancia Senado<\/p>\n","protected":false},"excerpt":{"rendered":"<p>Projeto do senador Romero Juc\u00e1 (PMDB-RR), que tem como objetivo impedir o bloqueio de vias terrestres como estrat\u00e9gia reivindicativa de grupos sociais ou pol\u00edticos, recebeu voto favor\u00e1vel do relator, senador Valdir Raupp (PMDB-RO), na Comiss\u00e3o de Constitui\u00e7\u00e3o, Justi\u00e7a e Cidadania (CCJ). O projeto (PLS 304\/2014)inclui no C\u00f3digo de Tr\u00e2nsito Brasileiro (CTB) o direito ao &#8220;tr\u00e2nsito [&hellip;]<\/p>\n","protected":false},"author":96,"featured_media":89209,"comment_status":"closed","ping_status":"closed","sticky":false,"template":"","format":"standard","meta":{"footnotes":""},"categories":[254],"tags":[],"class_list":["post-89210","post","type-post","status-publish","format-standard","has-post-thumbnail","hentry","category-politica"],"_links":{"self":[{"href":"https:\/\/diarioregionaldigital.com.br\/index.php?rest_route=\/wp\/v2\/posts\/89210","targetHints":{"allow":["GET"]}}],"collection":[{"href":"https:\/\/diarioregionaldigital.com.br\/index.php?rest_route=\/wp\/v2\/posts"}],"about":[{"href":"https:\/\/diarioregionaldigital.com.br\/index.php?rest_route=\/wp\/v2\/types\/post"}],"author":[{"embeddable":true,"href":"https:\/\/diarioregionaldigital.com.br\/index.php?rest_route=\/wp\/v2\/users\/96"}],"replies":[{"embeddable":true,"href":"https:\/\/diarioregionaldigital.com.br\/index.php?rest_route=%2Fwp%2Fv2%2Fcomments&post=89210"}],"version-history":[{"count":0,"href":"https:\/\/diarioregionaldigital.com.br\/index.php?rest_route=\/wp\/v2\/posts\/89210\/revisions"}],"wp:featuredmedia":[{"embeddable":true,"href":"https:\/\/diarioregionaldigital.com.br\/index.php?rest_route=\/wp\/v2\/media\/89209"}],"wp:attachment":[{"href":"https:\/\/diarioregionaldigital.com.br\/index.php?rest_route=%2Fwp%2Fv2%2Fmedia&parent=89210"}],"wp:term":[{"taxonomy":"category","embeddable":true,"href":"https:\/\/diarioregionaldigital.com.br\/index.php?rest_route=%2Fwp%2Fv2%2Fcategories&post=89210"},{"taxonomy":"post_tag","embeddable":true,"href":"https:\/\/diarioregionaldigital.com.br\/index.php?rest_route=%2Fwp%2Fv2%2Ftags&post=89210"}],"curies":[{"name":"wp","href":"https:\/\/api.w.org\/{rel}","templated":true}]}}