{"id":89208,"date":"2018-01-10T18:57:35","date_gmt":"2018-01-10T20:57:35","guid":{"rendered":"http:\/\/diarioregionaljf.com.br\/2018\/01\/10\/projeto-quer-dobrar-verbas-para-merenda-escolar-nas-cidades-mais-pobres\/"},"modified":"2018-01-10T18:57:35","modified_gmt":"2018-01-10T20:57:35","slug":"projeto-quer-dobrar-verbas-para-merenda-escolar-nas-cidades-mais-pobres","status":"publish","type":"post","link":"https:\/\/diarioregionaldigital.com.br\/?p=89208","title":{"rendered":"Projeto quer dobrar verbas para merenda escolar nas cidades mais pobres"},"content":{"rendered":"<p>A C\u00e2mara analisa proposta para que escolas em munic\u00edpios onde h\u00e1 extrema pobreza recebam o dobro em valores per capita de merenda escolar em rela\u00e7\u00e3o \u00e0s demais cidades, para cada etapa e modalidade de ensino. O texto (PL 8816\/17), de autoria do senador Roberto Rocha (PSB-MA), altera a Lei da Alimenta\u00e7\u00e3o Escolar (Lei 11.947\/09).<\/p>\n<p>Segundo o autor, em \u00e1reas rurais e munic\u00edpios mais pobres ainda h\u00e1 registros de desnutri\u00e7\u00e3o infantil, e a principal motiva\u00e7\u00e3o de uma crian\u00e7a ir \u00e0 escola \u00e9 a merenda escolar. O projeto define os munic\u00edpios de extrema pobreza como aqueles nos quais 30% ou mais da popula\u00e7\u00e3o t\u00eam renda familiar mensal per capita de at\u00e9 R$77.<\/p>\n<p>Durante a an\u00e1lise da proposta no Senado, foram identificados 459 munic\u00edpios em situa\u00e7\u00e3o de extrema pobreza de acordo com dados do Instituto Brasileiro de Geografia e Estat\u00edstica (IBGE), sendo mais de 2\/3 em quatro estados: Maranh\u00e3o (107), Piau\u00ed (88), Cear\u00e1 (60) e Bahia (52).<\/p>\n<p>Somados, os repasses do Programa Nacional de Alimenta\u00e7\u00e3o Escolar (Pnae) para esses 459 munic\u00edpios em 2014 chegaram a R$204,7 milh\u00f5es. Assim, o impacto financeiro da proposta foi estimado pelos senadores em pouco mais de R$200 milh\u00f5es adicionais.<\/p>\n<p>&nbsp;<\/p>\n<h4>TRAMITA\u00c7\u00c3O<\/h4>\n<p>A proposta, que tramita com apensados (PL 2505\/15 e outros), ser\u00e1 analisada pelas comiss\u00f5es de Educa\u00e7\u00e3o; de Finan\u00e7as e Tributa\u00e7\u00e3o; e de Constitui\u00e7\u00e3o e Justi\u00e7a e de Cidadania. Depois seguir\u00e1 para o Plen\u00e1rio.<\/p>\n<p>Fonte: Ag\u00eancia C\u00e2mara Not\u00edcias<\/p>\n","protected":false},"excerpt":{"rendered":"<p>A C\u00e2mara analisa proposta para que escolas em munic\u00edpios onde h\u00e1 extrema pobreza recebam o dobro em valores per capita de merenda escolar em rela\u00e7\u00e3o \u00e0s demais cidades, para cada etapa e modalidade de ensino. O texto (PL 8816\/17), de autoria do senador Roberto Rocha (PSB-MA), altera a Lei da Alimenta\u00e7\u00e3o Escolar (Lei 11.947\/09). Segundo [&hellip;]<\/p>\n","protected":false},"author":96,"featured_media":89207,"comment_status":"closed","ping_status":"closed","sticky":false,"template":"","format":"standard","meta":{"footnotes":""},"categories":[254],"tags":[],"class_list":["post-89208","post","type-post","status-publish","format-standard","has-post-thumbnail","hentry","category-politica"],"_links":{"self":[{"href":"https:\/\/diarioregionaldigital.com.br\/index.php?rest_route=\/wp\/v2\/posts\/89208","targetHints":{"allow":["GET"]}}],"collection":[{"href":"https:\/\/diarioregionaldigital.com.br\/index.php?rest_route=\/wp\/v2\/posts"}],"about":[{"href":"https:\/\/diarioregionaldigital.com.br\/index.php?rest_route=\/wp\/v2\/types\/post"}],"author":[{"embeddable":true,"href":"https:\/\/diarioregionaldigital.com.br\/index.php?rest_route=\/wp\/v2\/users\/96"}],"replies":[{"embeddable":true,"href":"https:\/\/diarioregionaldigital.com.br\/index.php?rest_route=%2Fwp%2Fv2%2Fcomments&post=89208"}],"version-history":[{"count":0,"href":"https:\/\/diarioregionaldigital.com.br\/index.php?rest_route=\/wp\/v2\/posts\/89208\/revisions"}],"wp:featuredmedia":[{"embeddable":true,"href":"https:\/\/diarioregionaldigital.com.br\/index.php?rest_route=\/wp\/v2\/media\/89207"}],"wp:attachment":[{"href":"https:\/\/diarioregionaldigital.com.br\/index.php?rest_route=%2Fwp%2Fv2%2Fmedia&parent=89208"}],"wp:term":[{"taxonomy":"category","embeddable":true,"href":"https:\/\/diarioregionaldigital.com.br\/index.php?rest_route=%2Fwp%2Fv2%2Fcategories&post=89208"},{"taxonomy":"post_tag","embeddable":true,"href":"https:\/\/diarioregionaldigital.com.br\/index.php?rest_route=%2Fwp%2Fv2%2Ftags&post=89208"}],"curies":[{"name":"wp","href":"https:\/\/api.w.org\/{rel}","templated":true}]}}