{"id":89206,"date":"2018-01-10T18:50:52","date_gmt":"2018-01-10T20:50:52","guid":{"rendered":"http:\/\/diarioregionaljf.com.br\/2018\/01\/10\/camara-aprova-criacao-da-comissao-especial-de-enfrentamento-as-drogas\/"},"modified":"2018-01-10T18:50:52","modified_gmt":"2018-01-10T20:50:52","slug":"camara-aprova-criacao-da-comissao-especial-de-enfrentamento-as-drogas","status":"publish","type":"post","link":"https:\/\/diarioregionaldigital.com.br\/?p=89206","title":{"rendered":"C\u00e2mara aprova cria\u00e7\u00e3o da Comiss\u00e3o Especial de Enfrentamento \u00e0s drogas"},"content":{"rendered":"<p>A cria\u00e7\u00e3o da Comiss\u00e3o Especial de Enfrentamento \u00e0s Drogas na C\u00e2mara Municipal de Juiz de Fora foi aprovada nessa ter\u00e7a-feira, 9. Proposta pelo vereador Charlles Evangelista (PP), a comiss\u00e3o ter\u00e1 como finalidades principais a preven\u00e7\u00e3o, conscientiza\u00e7\u00e3o e o combate ao uso de entorpecentes no munic\u00edpio.<\/p>\n<p>Al\u00e9m de um problema de seguran\u00e7a, o consumo dessas subst\u00e2ncias \u00e9 uma importante quest\u00e3o para a sa\u00fade p\u00fablica, afirmou o parlamentar que tamb\u00e9m presidir\u00e1 os trabalhos. Completam o grupo os vereadores Andr\u00e9 Mariano (PSC) e Sheila Oliveira (PTC).<\/p>\n<p>Ainda segundo Evangelista, &#8220;a utiliza\u00e7\u00e3o dessas subst\u00e2ncias afeta de maneiras direta e indireta toda a nossa sociedade. Por essa, entre outras raz\u00f5es, o tema \u00e9 uma responsabilidade de todos e deve ser trazido para debate na Casa&#8221;.<\/p>\n<p>Fonte: Assessoria<\/p>\n","protected":false},"excerpt":{"rendered":"<p>A cria\u00e7\u00e3o da Comiss\u00e3o Especial de Enfrentamento \u00e0s Drogas na C\u00e2mara Municipal de Juiz de Fora foi aprovada nessa ter\u00e7a-feira, 9. Proposta pelo vereador Charlles Evangelista (PP), a comiss\u00e3o ter\u00e1 como finalidades principais a preven\u00e7\u00e3o, conscientiza\u00e7\u00e3o e o combate ao uso de entorpecentes no munic\u00edpio. Al\u00e9m de um problema de seguran\u00e7a, o consumo dessas subst\u00e2ncias [&hellip;]<\/p>\n","protected":false},"author":96,"featured_media":89205,"comment_status":"closed","ping_status":"closed","sticky":false,"template":"","format":"standard","meta":{"footnotes":""},"categories":[254],"tags":[],"class_list":["post-89206","post","type-post","status-publish","format-standard","has-post-thumbnail","hentry","category-politica"],"_links":{"self":[{"href":"https:\/\/diarioregionaldigital.com.br\/index.php?rest_route=\/wp\/v2\/posts\/89206","targetHints":{"allow":["GET"]}}],"collection":[{"href":"https:\/\/diarioregionaldigital.com.br\/index.php?rest_route=\/wp\/v2\/posts"}],"about":[{"href":"https:\/\/diarioregionaldigital.com.br\/index.php?rest_route=\/wp\/v2\/types\/post"}],"author":[{"embeddable":true,"href":"https:\/\/diarioregionaldigital.com.br\/index.php?rest_route=\/wp\/v2\/users\/96"}],"replies":[{"embeddable":true,"href":"https:\/\/diarioregionaldigital.com.br\/index.php?rest_route=%2Fwp%2Fv2%2Fcomments&post=89206"}],"version-history":[{"count":0,"href":"https:\/\/diarioregionaldigital.com.br\/index.php?rest_route=\/wp\/v2\/posts\/89206\/revisions"}],"wp:featuredmedia":[{"embeddable":true,"href":"https:\/\/diarioregionaldigital.com.br\/index.php?rest_route=\/wp\/v2\/media\/89205"}],"wp:attachment":[{"href":"https:\/\/diarioregionaldigital.com.br\/index.php?rest_route=%2Fwp%2Fv2%2Fmedia&parent=89206"}],"wp:term":[{"taxonomy":"category","embeddable":true,"href":"https:\/\/diarioregionaldigital.com.br\/index.php?rest_route=%2Fwp%2Fv2%2Fcategories&post=89206"},{"taxonomy":"post_tag","embeddable":true,"href":"https:\/\/diarioregionaldigital.com.br\/index.php?rest_route=%2Fwp%2Fv2%2Ftags&post=89206"}],"curies":[{"name":"wp","href":"https:\/\/api.w.org\/{rel}","templated":true}]}}