{"id":89204,"date":"2018-01-10T18:42:22","date_gmt":"2018-01-10T20:42:22","guid":{"rendered":"http:\/\/diarioregionaljf.com.br\/2018\/01\/10\/pjf-da-continuidade-a-contratacao-de-professores\/"},"modified":"2018-01-10T18:42:22","modified_gmt":"2018-01-10T20:42:22","slug":"pjf-da-continuidade-a-contratacao-de-professores","status":"publish","type":"post","link":"https:\/\/diarioregionaldigital.com.br\/?p=89204","title":{"rendered":"PJF d\u00e1 continuidade \u00e0 contrata\u00e7\u00e3o de professores"},"content":{"rendered":"<p>A Prefeitura de Juiz de Fora (PJF) divulgou nesta quarta-feira, 10, novas listas de convoca\u00e7\u00e3o dos candidatos aprovados no processo seletivo para contrata\u00e7\u00e3o de professores para atua\u00e7\u00e3o no ano letivo de 2018 (editais n\u00ba 336 e 337). Docentes de teatro dever\u00e3o comparecer ao Centro de Forma\u00e7\u00e3o do Professor (CFP), na Avenida Get\u00falio Vargas, n\u00ba200, Centro, nesta quinta-feira, 11, \u00e0s 8h30, para escolha de vaga, e \u00e0s 14h30, professores de capoeira e artes visuais. A chamada para estas tr\u00eas disciplinas pode ser conferida <a href=\"https:\/\/www.pjf.mg.gov.br\/e_atos\/e_atos_vis.php?id=58439\" target=\"_blank\" rel=\"noopener noreferrer\">aqui<\/a>. As publica\u00e7\u00f5es desta quarta-feira contemplam, ainda, os convocados de geografia, que devem comparecer tamb\u00e9m ao CFP nesta quinta-feira, nos hor\u00e1rios estipulados no documento, que pode ser acessado neste <a href=\"https:\/\/www.pjf.mg.gov.br\/e_atos\/e_atos_vis.php?id=58442\" target=\"_blank\" rel=\"noopener noreferrer\">link<\/a>.<\/p>\n<p>A fase de chamadas dever\u00e1 ocorrer durante todo este m\u00eas, e os candidatos devem acompanhar as publica\u00e7\u00f5es no <a href=\"https:\/\/www.pjf.mg.gov.br\/e_atos\/e_atos.php\" target=\"_blank\" rel=\"noopener noreferrer\">&#8220;Atos do Governo&#8221;<\/a> ou na se\u00e7\u00e3o <a href=\"https:\/\/www.pjf.mg.gov.br\/secretarias\/sarh\/edital\/temporario\/index.php\" target=\"_blank\" rel=\"noopener noreferrer\">&#8220;Contrata\u00e7\u00e3o Tempor\u00e1ria&#8221;<\/a>, no site da PJF.<\/p>\n<p>&nbsp;<\/p>\n<p>Fonte: Assessoria<\/p>\n","protected":false},"excerpt":{"rendered":"<p>A Prefeitura de Juiz de Fora (PJF) divulgou nesta quarta-feira, 10, novas listas de convoca\u00e7\u00e3o dos candidatos aprovados no processo seletivo para contrata\u00e7\u00e3o de professores para atua\u00e7\u00e3o no ano letivo de 2018 (editais n\u00ba 336 e 337). Docentes de teatro dever\u00e3o comparecer ao Centro de Forma\u00e7\u00e3o do Professor (CFP), na Avenida Get\u00falio Vargas, n\u00ba200, Centro, [&hellip;]<\/p>\n","protected":false},"author":96,"featured_media":89203,"comment_status":"closed","ping_status":"closed","sticky":false,"template":"","format":"standard","meta":{"footnotes":""},"categories":[280],"tags":[],"class_list":["post-89204","post","type-post","status-publish","format-standard","has-post-thumbnail","hentry","category-concurso"],"_links":{"self":[{"href":"https:\/\/diarioregionaldigital.com.br\/index.php?rest_route=\/wp\/v2\/posts\/89204","targetHints":{"allow":["GET"]}}],"collection":[{"href":"https:\/\/diarioregionaldigital.com.br\/index.php?rest_route=\/wp\/v2\/posts"}],"about":[{"href":"https:\/\/diarioregionaldigital.com.br\/index.php?rest_route=\/wp\/v2\/types\/post"}],"author":[{"embeddable":true,"href":"https:\/\/diarioregionaldigital.com.br\/index.php?rest_route=\/wp\/v2\/users\/96"}],"replies":[{"embeddable":true,"href":"https:\/\/diarioregionaldigital.com.br\/index.php?rest_route=%2Fwp%2Fv2%2Fcomments&post=89204"}],"version-history":[{"count":0,"href":"https:\/\/diarioregionaldigital.com.br\/index.php?rest_route=\/wp\/v2\/posts\/89204\/revisions"}],"wp:featuredmedia":[{"embeddable":true,"href":"https:\/\/diarioregionaldigital.com.br\/index.php?rest_route=\/wp\/v2\/media\/89203"}],"wp:attachment":[{"href":"https:\/\/diarioregionaldigital.com.br\/index.php?rest_route=%2Fwp%2Fv2%2Fmedia&parent=89204"}],"wp:term":[{"taxonomy":"category","embeddable":true,"href":"https:\/\/diarioregionaldigital.com.br\/index.php?rest_route=%2Fwp%2Fv2%2Fcategories&post=89204"},{"taxonomy":"post_tag","embeddable":true,"href":"https:\/\/diarioregionaldigital.com.br\/index.php?rest_route=%2Fwp%2Fv2%2Ftags&post=89204"}],"curies":[{"name":"wp","href":"https:\/\/api.w.org\/{rel}","templated":true}]}}