{"id":89202,"date":"2018-01-10T18:36:57","date_gmt":"2018-01-10T20:36:57","guid":{"rendered":"http:\/\/diarioregionaljf.com.br\/2018\/01\/10\/pf-quer-concluir-inqueritos-da-lava-jato-ate-o-fim-do-ano-diz-segovia\/"},"modified":"2018-01-10T18:36:57","modified_gmt":"2018-01-10T20:36:57","slug":"pf-quer-concluir-inqueritos-da-lava-jato-ate-o-fim-do-ano-diz-segovia","status":"publish","type":"post","link":"https:\/\/diarioregionaldigital.com.br\/?p=89202","title":{"rendered":"PF quer concluir inqu\u00e9ritos da Lava Jato at\u00e9 o fim do ano, diz Segovia"},"content":{"rendered":"<p>O diretor-geral da Pol\u00edcia Federal (PF), Fernando Segovia, disse nessa quarta-feira, 10, em Bras\u00edlia, que o \u00f3rg\u00e3o como meta concluir at\u00e9 o fim deste ano as investiga\u00e7\u00f5es de todos os inqu\u00e9ritos criminais que tramitam no Supremo Tribunal Federal (STF), incluindo os da Opera\u00e7\u00e3o Lava Jato.<\/p>\n<p>Ele informou ter efetivado a partir dessa quarta-feira o aumento de nove para 17 no n\u00famero de delegados dedicados exclusivamente a cerca de 200 investiga\u00e7\u00f5es policiais que tramitam no STF. Disse, ainda, que foi dobrada a equipe de peritos, de modo a destravar os inqu\u00e9ritos que aguardam laudos.<\/p>\n<p>\u201cA ambi\u00e7\u00e3o \u00e9 humana\u201d, afirmou Segovia ao ser questionado se a meta seria mesmo fact\u00edvel. \u201c\u00c9 uma meta que a ministra C\u00e1rmen L\u00facia [presidente do STF] tamb\u00e9m quer, a doutora Raquel Dodge [procuradora-geral da Rep\u00fablica] tamb\u00e9m est\u00e1 imbu\u00edda desse prop\u00f3sito, e acho que o pa\u00eds merece ter uma resposta quanto a essas investiga\u00e7\u00f5es\u201d, acrescentou.<\/p>\n<p>&nbsp;<\/p>\n<h4>MICHEL TEMER<\/h4>\n<p>As declara\u00e7\u00f5es do diretor-geral da PF foram dadas ap\u00f3s uma reuni\u00e3o de quase 1h30 no gabinete de C\u00e1rmen L\u00facia, na manh\u00e3 de hoje. Ao ser perguntado se a conclus\u00e3o dos inqu\u00e9ritos inclui tamb\u00e9m as investiga\u00e7\u00f5es contra o presidente Michel Temer, Segovia disse que sim.<\/p>\n<p>\u201cForam enviadas as perguntas ao presidente Temer, a gente aguarda a resposta dessas perguntas para que seja tomado um novo passo na investiga\u00e7\u00e3o do presidente Temer\u201d, disse, referindo-se a um dos inqu\u00e9ritos que tem o presidente como alvo.<\/p>\n<p>Todas as investiga\u00e7\u00f5es criminais conduzidas pela PF que tramitam no STF envolvem a suspeita de pol\u00edticos com foro privilegiado na Corte, entre parlamentares, ministros de Estado e o presidente da Rep\u00fablica.<\/p>\n<p>De acordo com o mais recente balan\u00e7o divulgado em dezembro pelo gabinete do ministro Edson Fachin, relator da Lava Jato no Supremo, tramitam no STF atualmente 140 inqu\u00e9ritos resultantes de investiga\u00e7\u00f5es da opera\u00e7\u00e3o. Desses, 73 foram redistribu\u00eddos para outros ministros por n\u00e3o estarem diretamente relacionadas a desvios na Petrobras.<\/p>\n<p>Fonte: Ag\u00eancia Brasil<\/p>\n","protected":false},"excerpt":{"rendered":"<p>O diretor-geral da Pol\u00edcia Federal (PF), Fernando Segovia, disse nessa quarta-feira, 10, em Bras\u00edlia, que o \u00f3rg\u00e3o como meta concluir at\u00e9 o fim deste ano as investiga\u00e7\u00f5es de todos os inqu\u00e9ritos criminais que tramitam no Supremo Tribunal Federal (STF), incluindo os da Opera\u00e7\u00e3o Lava Jato. Ele informou ter efetivado a partir dessa quarta-feira o aumento [&hellip;]<\/p>\n","protected":false},"author":96,"featured_media":89201,"comment_status":"closed","ping_status":"closed","sticky":false,"template":"","format":"standard","meta":{"footnotes":""},"categories":[254],"tags":[],"class_list":["post-89202","post","type-post","status-publish","format-standard","has-post-thumbnail","hentry","category-politica"],"_links":{"self":[{"href":"https:\/\/diarioregionaldigital.com.br\/index.php?rest_route=\/wp\/v2\/posts\/89202","targetHints":{"allow":["GET"]}}],"collection":[{"href":"https:\/\/diarioregionaldigital.com.br\/index.php?rest_route=\/wp\/v2\/posts"}],"about":[{"href":"https:\/\/diarioregionaldigital.com.br\/index.php?rest_route=\/wp\/v2\/types\/post"}],"author":[{"embeddable":true,"href":"https:\/\/diarioregionaldigital.com.br\/index.php?rest_route=\/wp\/v2\/users\/96"}],"replies":[{"embeddable":true,"href":"https:\/\/diarioregionaldigital.com.br\/index.php?rest_route=%2Fwp%2Fv2%2Fcomments&post=89202"}],"version-history":[{"count":0,"href":"https:\/\/diarioregionaldigital.com.br\/index.php?rest_route=\/wp\/v2\/posts\/89202\/revisions"}],"wp:featuredmedia":[{"embeddable":true,"href":"https:\/\/diarioregionaldigital.com.br\/index.php?rest_route=\/wp\/v2\/media\/89201"}],"wp:attachment":[{"href":"https:\/\/diarioregionaldigital.com.br\/index.php?rest_route=%2Fwp%2Fv2%2Fmedia&parent=89202"}],"wp:term":[{"taxonomy":"category","embeddable":true,"href":"https:\/\/diarioregionaldigital.com.br\/index.php?rest_route=%2Fwp%2Fv2%2Fcategories&post=89202"},{"taxonomy":"post_tag","embeddable":true,"href":"https:\/\/diarioregionaldigital.com.br\/index.php?rest_route=%2Fwp%2Fv2%2Ftags&post=89202"}],"curies":[{"name":"wp","href":"https:\/\/api.w.org\/{rel}","templated":true}]}}