{"id":89200,"date":"2018-01-10T18:32:10","date_gmt":"2018-01-10T20:32:10","guid":{"rendered":"http:\/\/diarioregionaljf.com.br\/2018\/01\/10\/ministro-da-saude-nega-risco-de-falta-de-vacina-contra-febre-amarela\/"},"modified":"2018-01-10T18:32:10","modified_gmt":"2018-01-10T20:32:10","slug":"ministro-da-saude-nega-risco-de-falta-de-vacina-contra-febre-amarela","status":"publish","type":"post","link":"https:\/\/diarioregionaldigital.com.br\/?p=89200","title":{"rendered":"Ministro da Sa\u00fade nega risco de falta de vacina contra febre amarela"},"content":{"rendered":"<p>O ministro da Sa\u00fade, Ricardo Barros, disse nesta quarta-feira, 10, que n\u00e3o h\u00e1 risco de desabastecimento da vacina contra a febre amarela no pa\u00eds.<\/p>\n<p>Ontem, 9, a pasta anunciou que vai usar doses fracionadas em munic\u00edpios selecionados dos estados de S\u00e3o Paulo, Rio de Janeiro e Bahia, em uma tentativa de conter o surto identificado na regi\u00e3o.<\/p>\n<p>\u201cN\u00e3o h\u00e1 risco de desabastecimento. Temos vacinas em quantidade. T\u00ednhamos 20 milh\u00f5es de seringas para fracionamento que compramos no ano passado e n\u00e3o precisamos usar. Vamos fazer uso este ano. Vamos utilizar 15 milh\u00f5es nessa opera\u00e7\u00e3o Rio-Bahia-S\u00e3o Paulo. E temos ainda 5 milh\u00f5es em estoque. Se houver novas \u00e1reas de circula\u00e7\u00e3o do v\u00edrus, estamos prontos para fazer a vacina\u00e7\u00e3o e evitar ao m\u00e1ximo a transmiss\u00e3o da febre amarela pelo mosquito silvestre\u201d, afirmou Barros.<\/p>\n<p>Em entrevista ao programa Revista Brasil, da R\u00e1dio Nacional, Barros lembrou que o v\u00edrus da febre amarela sempre esteve presente no Brasil e que j\u00e1 havia uma extensa regi\u00e3o no pa\u00eds onde a imuniza\u00e7\u00e3o contra a doen\u00e7a \u00e9 permanente. Segundo o ministro, todos os anos, o governo distribui um total de 13 milh\u00f5es de doses para vacina\u00e7\u00e3o nessas \u00e1reas espec\u00edficas.<\/p>\n<p>\u201cTemos vacinas suficientes. As pessoas devem se imunizar. Quem vai viajar para uma regi\u00e3o de mata, para uma regi\u00e3o de risco, tem que tomar a vacina duas semanas antes porque a vacina demora a fazer efeito\u201d, explicou. \u201cN\u00e3o \u00e9 viajar amanh\u00e3 e tomar a vacina hoje. N\u00e3o funciona. Tem que ter uma certa anteced\u00eancia\u201d, concluiu.<\/p>\n<p>&nbsp;<\/p>\n<p>Fonte: Ag\u00eancia Brasil<\/p>\n","protected":false},"excerpt":{"rendered":"<p>O ministro da Sa\u00fade, Ricardo Barros, disse nesta quarta-feira, 10, que n\u00e3o h\u00e1 risco de desabastecimento da vacina contra a febre amarela no pa\u00eds. Ontem, 9, a pasta anunciou que vai usar doses fracionadas em munic\u00edpios selecionados dos estados de S\u00e3o Paulo, Rio de Janeiro e Bahia, em uma tentativa de conter o surto identificado [&hellip;]<\/p>\n","protected":false},"author":96,"featured_media":89199,"comment_status":"closed","ping_status":"closed","sticky":false,"template":"","format":"standard","meta":{"footnotes":""},"categories":[302],"tags":[],"class_list":["post-89200","post","type-post","status-publish","format-standard","has-post-thumbnail","hentry","category-brasil-mundo"],"_links":{"self":[{"href":"https:\/\/diarioregionaldigital.com.br\/index.php?rest_route=\/wp\/v2\/posts\/89200","targetHints":{"allow":["GET"]}}],"collection":[{"href":"https:\/\/diarioregionaldigital.com.br\/index.php?rest_route=\/wp\/v2\/posts"}],"about":[{"href":"https:\/\/diarioregionaldigital.com.br\/index.php?rest_route=\/wp\/v2\/types\/post"}],"author":[{"embeddable":true,"href":"https:\/\/diarioregionaldigital.com.br\/index.php?rest_route=\/wp\/v2\/users\/96"}],"replies":[{"embeddable":true,"href":"https:\/\/diarioregionaldigital.com.br\/index.php?rest_route=%2Fwp%2Fv2%2Fcomments&post=89200"}],"version-history":[{"count":0,"href":"https:\/\/diarioregionaldigital.com.br\/index.php?rest_route=\/wp\/v2\/posts\/89200\/revisions"}],"wp:featuredmedia":[{"embeddable":true,"href":"https:\/\/diarioregionaldigital.com.br\/index.php?rest_route=\/wp\/v2\/media\/89199"}],"wp:attachment":[{"href":"https:\/\/diarioregionaldigital.com.br\/index.php?rest_route=%2Fwp%2Fv2%2Fmedia&parent=89200"}],"wp:term":[{"taxonomy":"category","embeddable":true,"href":"https:\/\/diarioregionaldigital.com.br\/index.php?rest_route=%2Fwp%2Fv2%2Fcategories&post=89200"},{"taxonomy":"post_tag","embeddable":true,"href":"https:\/\/diarioregionaldigital.com.br\/index.php?rest_route=%2Fwp%2Fv2%2Ftags&post=89200"}],"curies":[{"name":"wp","href":"https:\/\/api.w.org\/{rel}","templated":true}]}}