{"id":89198,"date":"2018-01-10T18:21:14","date_gmt":"2018-01-10T20:21:14","guid":{"rendered":"http:\/\/diarioregionaljf.com.br\/2018\/01\/10\/museu-ferroviario-sedia-evento-em-prol-de-familias-atingidas-por-enchente\/"},"modified":"2018-01-10T18:21:14","modified_gmt":"2018-01-10T20:21:14","slug":"museu-ferroviario-sedia-evento-em-prol-de-familias-atingidas-por-enchente","status":"publish","type":"post","link":"https:\/\/diarioregionaldigital.com.br\/?p=89198","title":{"rendered":"Museu Ferrovi\u00e1rio sedia evento em prol de fam\u00edlias atingidas por enchente"},"content":{"rendered":"<p>Nesta sexta-feira, 12, \u00e0s 19h, no Museu Ferrovi\u00e1rio de Juiz de Fora (Av. Brasil, n\u00ba2001, Centro), tem in\u00edcio o evento \u201cSolidaridarte\u201d, que combina a arte teatral com a filantropia. O projeto visa a arrecadar fundos para as v\u00edtimas da enchente ocorrida no come\u00e7o de dezembro de 2017, em Santo Ant\u00f4nio do Grama (MG). Toda bilheteria ser\u00e1 revertida para ajudar as fam\u00edlias atingidas. O evento segue at\u00e9 domingo, 14, e os ingressos podem ser adquiridos de forma antecipada pelo <a href=\"https:\/\/www.facebook.com\/events\/1932745567041799\/\" target=\"_blank\" rel=\"noopener noreferrer\">evento no Facebook<\/a> ou antes das apresenta\u00e7\u00f5es, por R$10 o dia ou R$25 o passaporte.<\/p>\n<p>Ator e idealizador do projeto, Felipe Ribeiro \u00e9 natural de Santo Ant\u00f4nio do Grama. Ele conta que foi convidado pela prefeitura do munic\u00edpio para se apresentar na inaugura\u00e7\u00e3o do cineteatro da cidade, mas, no dia do evento, a popula\u00e7\u00e3o se surpreendeu com forte chuva. Grande parte da cidade foi destru\u00edda, inclusive o cineteatro em que Felipe se apresentaria. \u201cComo gramense, eu queria ajudar de alguma forma. Discutindo com uma amiga, chegamos \u00e0 ideia de apresentar a pe\u00e7a que eu faria l\u00e1, aqui em Juiz de Fora, e reverter o dinheiro arrecadado com os ingressos em ajuda para Santo Ant\u00f4nio do Grama\u201d, explica.<\/p>\n<p>A ideia cresceu e Felipe convidou outras pessoas da classe art\u00edstica do teatro para participar. Ser\u00e3o apresentadas cenas durante os tr\u00eas dias de evento:<\/p>\n<p>&nbsp;<\/p>\n<p>*<strong>12\/01<\/strong> \u2013 \u201cBem me quer, mal me quer\u201d | N\u00fabia Oliveira e Arielle Teles<\/p>\n<p>&#8211; \u201cPequena\u201d | Gabi Guarabyra, Isabela Magalh\u00e3es, Nayara Santos e Vit\u00f3ria Menezes<\/p>\n<p>&#8211; \u201cMensageiros\u201d | Jo Brand\u00e3o e Junin Souza<\/p>\n<p>*<strong>13\/01<\/strong> \u2013 \u201cO casulo das mem\u00f3rias resignadas\u201d | Adryana Ryal e Ana Paula Oz\u00f3rio<\/p>\n<p>*<strong>14\/01<\/strong> \u2013 \u201cDois perdidos numa noite suja\u201d | Felipe Ribeiro e Gabriel Bittencourt<\/p>\n<p>Fonte: Assessoria PJF<\/p>\n","protected":false},"excerpt":{"rendered":"<p>Nesta sexta-feira, 12, \u00e0s 19h, no Museu Ferrovi\u00e1rio de Juiz de Fora (Av. Brasil, n\u00ba2001, Centro), tem in\u00edcio o evento \u201cSolidaridarte\u201d, que combina a arte teatral com a filantropia. O projeto visa a arrecadar fundos para as v\u00edtimas da enchente ocorrida no come\u00e7o de dezembro de 2017, em Santo Ant\u00f4nio do Grama (MG). Toda bilheteria [&hellip;]<\/p>\n","protected":false},"author":96,"featured_media":89197,"comment_status":"closed","ping_status":"closed","sticky":false,"template":"","format":"standard","meta":{"footnotes":""},"categories":[256],"tags":[],"class_list":["post-89198","post","type-post","status-publish","format-standard","has-post-thumbnail","hentry","category-cultura"],"_links":{"self":[{"href":"https:\/\/diarioregionaldigital.com.br\/index.php?rest_route=\/wp\/v2\/posts\/89198","targetHints":{"allow":["GET"]}}],"collection":[{"href":"https:\/\/diarioregionaldigital.com.br\/index.php?rest_route=\/wp\/v2\/posts"}],"about":[{"href":"https:\/\/diarioregionaldigital.com.br\/index.php?rest_route=\/wp\/v2\/types\/post"}],"author":[{"embeddable":true,"href":"https:\/\/diarioregionaldigital.com.br\/index.php?rest_route=\/wp\/v2\/users\/96"}],"replies":[{"embeddable":true,"href":"https:\/\/diarioregionaldigital.com.br\/index.php?rest_route=%2Fwp%2Fv2%2Fcomments&post=89198"}],"version-history":[{"count":0,"href":"https:\/\/diarioregionaldigital.com.br\/index.php?rest_route=\/wp\/v2\/posts\/89198\/revisions"}],"wp:featuredmedia":[{"embeddable":true,"href":"https:\/\/diarioregionaldigital.com.br\/index.php?rest_route=\/wp\/v2\/media\/89197"}],"wp:attachment":[{"href":"https:\/\/diarioregionaldigital.com.br\/index.php?rest_route=%2Fwp%2Fv2%2Fmedia&parent=89198"}],"wp:term":[{"taxonomy":"category","embeddable":true,"href":"https:\/\/diarioregionaldigital.com.br\/index.php?rest_route=%2Fwp%2Fv2%2Fcategories&post=89198"},{"taxonomy":"post_tag","embeddable":true,"href":"https:\/\/diarioregionaldigital.com.br\/index.php?rest_route=%2Fwp%2Fv2%2Ftags&post=89198"}],"curies":[{"name":"wp","href":"https:\/\/api.w.org\/{rel}","templated":true}]}}