{"id":89196,"date":"2018-01-10T18:08:38","date_gmt":"2018-01-10T20:08:38","guid":{"rendered":"http:\/\/diarioregionaljf.com.br\/2018\/01\/10\/juiz-foranos-poderao-parcelar-o-ipva-no-cartao-de-credito\/"},"modified":"2018-01-10T18:08:38","modified_gmt":"2018-01-10T20:08:38","slug":"juiz-foranos-poderao-parcelar-o-ipva-no-cartao-de-credito","status":"publish","type":"post","link":"https:\/\/diarioregionaldigital.com.br\/?p=89196","title":{"rendered":"Juiz-foranos poder\u00e3o parcelar o IPVA no cart\u00e3o de cr\u00e9dito"},"content":{"rendered":"<p>ATUALIZADA \u00c0S 19H23, EM 10\/01\/2018<\/p>\n<p>Os contribuintes juiz-foranos poder\u00e3o efetuar o pagamento do Imposto sobre a Propriedade de Ve\u00edculos Automotores (IPVA) 2018 de forma parcelada, por meio do cart\u00e3o de cr\u00e9dito, em postos de atendimento autorizados pelo Departamento de Tr\u00e2nsito de Minas Gerais (Detran-MG). O valor pode ser dividido em at\u00e9 12 vezes e podem ser utilizados at\u00e9 tr\u00eas cart\u00f5es diferentes.<\/p>\n<p>De acordo com o Detran-MG, o parcelamento \u00e9 uma opera\u00e7\u00e3o de cr\u00e9dito a ser contratada pelo cidad\u00e3o junto \u00e0s empresas credenciadas pelo \u00f3rg\u00e3o e estar\u00e1 sujeito a juros praticados pelo mercado. Os custos da opera\u00e7\u00e3o variam conforme a op\u00e7\u00e3o de parcelamento escolhida e os valores ser\u00e3o informados ao contribuinte no momento da transa\u00e7\u00e3o.<\/p>\n<p>Em Juiz de Fora, cinco Centros de Forma\u00e7\u00e3o de Condutores (ver rela\u00e7\u00e3o abaixo) est\u00e3o autorizados a realizar o parcelamento, bem como receber o pagamento de multas, impostos e outros d\u00e9bitos incidentes sobre ve\u00edculos.<\/p>\n<p>Os cidad\u00e3os devem emitir as guias com anteced\u00eancia, no site da Secretaria de Estado de Fazenda, nas Reparti\u00e7\u00f5es Fazend\u00e1rias ou nas Unidades de Atendimento Integrado (UAI). No posto de atendimento, ele ser\u00e1 orientado sobre o parcelamento e far\u00e1 uma simula\u00e7\u00e3o dos valores. O servi\u00e7o s\u00f3 ser\u00e1 efetivado se o contribuinte estiver de acordo com a proposta.<\/p>\n<p>O Detran-MG esclarece que a empresa credenciada realizar\u00e1 o pagamento dos d\u00e9bitos \u00e0 vista para os cofres p\u00fablicos, possibilitando ao cidad\u00e3o regularizar a situa\u00e7\u00e3o do ve\u00edculo.<\/p>\n<p>&nbsp;<\/p>\n<p style=\"text-align: center;\"><strong>Unidades credenciadas para parcelamento de d\u00e9bitos incidentes sobre ve\u00edculos em JF<\/strong><\/p>\n<p>&#8211; <strong>CFC INICIAL LTDA<\/strong><br \/>Rua Santa Rita, n\u00ba177, Centro.<br \/>Tel: (32) 3214-8813<\/p>\n<p>&#8211; <strong>CFC CASCATINHA LTDA<\/strong><br \/>Avenida Deusdedith Salgado, n\u00ba1226, Teixeiras.<br \/>Tel: (32) 3082-5158<\/p>\n<p>&#8211; <strong>CFC DELGADO E FILHOS LTDA<\/strong><br \/>Avenida Doutor Sime\u00e3o de Faria, n\u00ba1340, S\u00e3o Judas Tadeu.<br \/>Tel: (32) 3222-2381<\/p>\n<p>&#8211; <strong>CFC MCM LTDA<\/strong><br \/>Rua Dom Silv\u00e9rio, n\u00ba216, Passos.<br \/>Tel: (32) 3232-1616<\/p>\n<p>&#8211; <strong>CFC BRASILIA<\/strong><br \/>Rua Esp\u00edrito Santo, n\u00ba662, Centro.<br \/>Tel: (32) 3215-0044<\/p>\n<p>&nbsp;<\/p>\n<p class=\"MsoNormalCxSpFirst\" style=\"margin-bottom: .0001pt; mso-add-space: auto; text-align: justify; text-justify: inter-ideograph; line-height: normal;\"><span style=\"font-size: 12.0pt; font-family: 'Arial','sans-serif';\"><\/span><\/p>\n","protected":false},"excerpt":{"rendered":"<p>ATUALIZADA \u00c0S 19H23, EM 10\/01\/2018 Os contribuintes juiz-foranos poder\u00e3o efetuar o pagamento do Imposto sobre a Propriedade de Ve\u00edculos Automotores (IPVA) 2018 de forma parcelada, por meio do cart\u00e3o de cr\u00e9dito, em postos de atendimento autorizados pelo Departamento de Tr\u00e2nsito de Minas Gerais (Detran-MG). O valor pode ser dividido em at\u00e9 12 vezes e podem [&hellip;]<\/p>\n","protected":false},"author":96,"featured_media":89195,"comment_status":"closed","ping_status":"closed","sticky":false,"template":"","format":"standard","meta":{"footnotes":""},"categories":[253],"tags":[],"class_list":["post-89196","post","type-post","status-publish","format-standard","has-post-thumbnail","hentry","category-cidade"],"_links":{"self":[{"href":"https:\/\/diarioregionaldigital.com.br\/index.php?rest_route=\/wp\/v2\/posts\/89196","targetHints":{"allow":["GET"]}}],"collection":[{"href":"https:\/\/diarioregionaldigital.com.br\/index.php?rest_route=\/wp\/v2\/posts"}],"about":[{"href":"https:\/\/diarioregionaldigital.com.br\/index.php?rest_route=\/wp\/v2\/types\/post"}],"author":[{"embeddable":true,"href":"https:\/\/diarioregionaldigital.com.br\/index.php?rest_route=\/wp\/v2\/users\/96"}],"replies":[{"embeddable":true,"href":"https:\/\/diarioregionaldigital.com.br\/index.php?rest_route=%2Fwp%2Fv2%2Fcomments&post=89196"}],"version-history":[{"count":0,"href":"https:\/\/diarioregionaldigital.com.br\/index.php?rest_route=\/wp\/v2\/posts\/89196\/revisions"}],"wp:featuredmedia":[{"embeddable":true,"href":"https:\/\/diarioregionaldigital.com.br\/index.php?rest_route=\/wp\/v2\/media\/89195"}],"wp:attachment":[{"href":"https:\/\/diarioregionaldigital.com.br\/index.php?rest_route=%2Fwp%2Fv2%2Fmedia&parent=89196"}],"wp:term":[{"taxonomy":"category","embeddable":true,"href":"https:\/\/diarioregionaldigital.com.br\/index.php?rest_route=%2Fwp%2Fv2%2Fcategories&post=89196"},{"taxonomy":"post_tag","embeddable":true,"href":"https:\/\/diarioregionaldigital.com.br\/index.php?rest_route=%2Fwp%2Fv2%2Ftags&post=89196"}],"curies":[{"name":"wp","href":"https:\/\/api.w.org\/{rel}","templated":true}]}}