{"id":89194,"date":"2018-01-10T17:00:51","date_gmt":"2018-01-10T19:00:51","guid":{"rendered":"http:\/\/diarioregionaljf.com.br\/2018\/01\/10\/kassab-diz-que-governo-nao-discute-privatizacao-dos-correios\/"},"modified":"2018-01-10T17:00:51","modified_gmt":"2018-01-10T19:00:51","slug":"kassab-diz-que-governo-nao-discute-privatizacao-dos-correios","status":"publish","type":"post","link":"https:\/\/diarioregionaldigital.com.br\/?p=89194","title":{"rendered":"Kassab diz que governo n\u00e3o discute privatiza\u00e7\u00e3o dos Correios"},"content":{"rendered":"<p>O ministro da Ci\u00eancia, Tecnologia, Inova\u00e7\u00f5es e Comunica\u00e7\u00f5es (MCTIC), Gilberto Kassab, disse nessa quarta-feira, 10, que a privatiza\u00e7\u00e3o dos Correios n\u00e3o \u00e9 assunto em debate dentro do governo federal. \u201cQuanto ao futuro dos Correios, se ser\u00e1 privatizado ou n\u00e3o, essa discuss\u00e3o n\u00e3o existe na presente gest\u00e3o. Na presente gest\u00e3o, estamos recuperando os Correios\u201d, disse ap\u00f3s participar do programa Por Dentro do Governo, da TV NBR, emissora da Empresa Brasil de Comunica\u00e7\u00e3o (EBC).<\/p>\n<p>De acordo com relat\u00f3rio do Minist\u00e9rio da Transpar\u00eancia e Controladoria-Geral da Uni\u00e3o (CGU), divulgado em dezembro do ano passado, em apenas cinco anos, de 2011 a 2016, o patrim\u00f4nio l\u00edquido dos Correios, ou seja, a diferen\u00e7a entre os ativos e o passivo, encolheu 92,63%. Al\u00e9m da perda patrimonial, os resultados apontam a deteriora\u00e7\u00e3o da capacidade dos Correios saldarem d\u00edvidas no longo prazo; aumento do endividamento da empresa e sua maior depend\u00eancia de capitais de terceiros.<\/p>\n<p>O resultado da avalia\u00e7\u00e3o do CGU enfatiza que, com preju\u00edzos crescentes a partir de 2013, a empresa vem se revelando menos rent\u00e1vel. E que, al\u00e9m do &#8220;aumento exponencial&#8221; das despesas diretas, a sustentabilidade da empresa foi impactada pela &#8220;transfer\u00eancia elevada de recursos para a Uni\u00e3o, o que ocasionou&#8221; redu\u00e7\u00e3o significativa na capacidade de investimentos na empresa no curto prazo&#8221;.<\/p>\n<p>Segundo Kassab, a atual gest\u00e3o encontrou os Correios com uma administra\u00e7\u00e3o desorganizada e com d\u00e9ficit de R$2 bilh\u00f5es, sendo R$1 bilh\u00e3o empenhado para o plano de desligamento volunt\u00e1rio do quadro de funcion\u00e1rios da empresa. \u201cImpomos uma rigorosa recupera\u00e7\u00e3o e sua administra\u00e7\u00e3o financeira foi melhorada. A opera\u00e7\u00e3o negativa est\u00e1 em R$1 bilh\u00e3o, mas estamos em ajustes, como a venda de im\u00f3veis e o ajuste do plano de sa\u00fade, o que nos permitir\u00e1 chegar ao equil\u00edbrio do Correios\u201d, disse.<\/p>\n<p>O ministro explicou que a fun\u00e7\u00e3o dos Correios deve ser reestudada e que, naturalmente, algumas fun\u00e7\u00f5es v\u00e3o desaparecer, \u201cseja com privatiza\u00e7\u00e3o, parceria ou extin\u00e7\u00e3o\u201d. \u201c\u00c9 natural que, com o passar do tempo, foram mudando o seu objetivo. H\u00e1 alguns s\u00e9culos, eles entregavam cartas, hoje ainda entregam muitas cartas, ainda \u00e9 a principal fonte de receita dos Correios, mas cada vez mais temos outras atividades importantes, como por exemplo, a log\u00edstica\u201d, disse.<\/p>\n<p>Com as pessoas cada vez mais realizando compras pela internet, os Correios precisar\u00e3o investir mais em planejamento e log\u00edstica. \u201cE essa migra\u00e7\u00e3o do seu perfil est\u00e1 sendo acompanhada com muita aten\u00e7\u00e3o pela atual gest\u00e3o, o que permitir\u00e1 aumentar a receita. E, simultaneamente, trabalhando com redu\u00e7\u00e3o de custos para que seja uma empresa equilibrada e sadia\u201d, disse Kassab.<\/p>\n<p>Fonte: Ag\u00eancia Brasil<\/p>\n","protected":false},"excerpt":{"rendered":"<p>O ministro da Ci\u00eancia, Tecnologia, Inova\u00e7\u00f5es e Comunica\u00e7\u00f5es (MCTIC), Gilberto Kassab, disse nessa quarta-feira, 10, que a privatiza\u00e7\u00e3o dos Correios n\u00e3o \u00e9 assunto em debate dentro do governo federal. \u201cQuanto ao futuro dos Correios, se ser\u00e1 privatizado ou n\u00e3o, essa discuss\u00e3o n\u00e3o existe na presente gest\u00e3o. Na presente gest\u00e3o, estamos recuperando os Correios\u201d, disse ap\u00f3s [&hellip;]<\/p>\n","protected":false},"author":96,"featured_media":89193,"comment_status":"closed","ping_status":"closed","sticky":false,"template":"","format":"standard","meta":{"footnotes":""},"categories":[302],"tags":[],"class_list":["post-89194","post","type-post","status-publish","format-standard","has-post-thumbnail","hentry","category-brasil-mundo"],"_links":{"self":[{"href":"https:\/\/diarioregionaldigital.com.br\/index.php?rest_route=\/wp\/v2\/posts\/89194","targetHints":{"allow":["GET"]}}],"collection":[{"href":"https:\/\/diarioregionaldigital.com.br\/index.php?rest_route=\/wp\/v2\/posts"}],"about":[{"href":"https:\/\/diarioregionaldigital.com.br\/index.php?rest_route=\/wp\/v2\/types\/post"}],"author":[{"embeddable":true,"href":"https:\/\/diarioregionaldigital.com.br\/index.php?rest_route=\/wp\/v2\/users\/96"}],"replies":[{"embeddable":true,"href":"https:\/\/diarioregionaldigital.com.br\/index.php?rest_route=%2Fwp%2Fv2%2Fcomments&post=89194"}],"version-history":[{"count":0,"href":"https:\/\/diarioregionaldigital.com.br\/index.php?rest_route=\/wp\/v2\/posts\/89194\/revisions"}],"wp:featuredmedia":[{"embeddable":true,"href":"https:\/\/diarioregionaldigital.com.br\/index.php?rest_route=\/wp\/v2\/media\/89193"}],"wp:attachment":[{"href":"https:\/\/diarioregionaldigital.com.br\/index.php?rest_route=%2Fwp%2Fv2%2Fmedia&parent=89194"}],"wp:term":[{"taxonomy":"category","embeddable":true,"href":"https:\/\/diarioregionaldigital.com.br\/index.php?rest_route=%2Fwp%2Fv2%2Fcategories&post=89194"},{"taxonomy":"post_tag","embeddable":true,"href":"https:\/\/diarioregionaldigital.com.br\/index.php?rest_route=%2Fwp%2Fv2%2Ftags&post=89194"}],"curies":[{"name":"wp","href":"https:\/\/api.w.org\/{rel}","templated":true}]}}