{"id":89192,"date":"2018-01-10T16:52:19","date_gmt":"2018-01-10T18:52:19","guid":{"rendered":"http:\/\/diarioregionaljf.com.br\/2018\/01\/10\/falha-humana-e-a-principal-linha-da-investigacao-sobre-morte-de-teori-zavascki\/"},"modified":"2018-01-10T16:52:19","modified_gmt":"2018-01-10T18:52:19","slug":"falha-humana-e-a-principal-linha-da-investigacao-sobre-morte-de-teori-zavascki","status":"publish","type":"post","link":"https:\/\/diarioregionaldigital.com.br\/?p=89192","title":{"rendered":"Falha humana \u00e9 a principal linha da investiga\u00e7\u00e3o sobre morte de Teori Zavascki"},"content":{"rendered":"<p>Falha humana \u00e9 a principal linha de investiga\u00e7\u00e3o sobre a morte do ministro Teori Zavascki, segundo relato parcial sobre as investiga\u00e7\u00f5es da morte do primeiro relator da Opera\u00e7\u00e3o Lava Jato no Supremo Tribunal Federal (STF), apresentado nessa quarta-feira, 10, pelo diretor-geral da Pol\u00edcia Federal (PF), Fernando Segovia, \u00e0 presidente da Corte, ministra C\u00e1rmen L\u00facia. O ministro morreu na queda de um avi\u00e3o nos arredores de Paraty (RJ) h\u00e1 um ano.<\/p>\n<p>Segundo o delegado respons\u00e1vel pelo caso, Rubens Maleiner, a principal linha de investiga\u00e7\u00e3o leva a crer em falha humana nas manobras de aproxima\u00e7\u00e3o da aeronave da pista de pouso em Paraty. \u201cEsta \u00e9 a linha principal\u201d, afirmou. Ele disse que todas as per\u00edcias indicam n\u00e3o ter havido sabotagem contra a aeronave.<\/p>\n<p>\u201cA possibilidade de um ato intencional contra aquele voo foi bastante explorada, com diversos exames periciais e atos investigat\u00f3rios diversos, e nenhum elemento nesse sentido foi encontrado, pelo contr\u00e1rio, os elementos que atingimos at\u00e9 agora, todos conduzem a um desfecho n\u00e3o intencional e tr\u00e1gico, infelizmente, naquele voo\u201d, disse Maleiner, que participou da reuni\u00e3o de quase 1h30 com C\u00e1rmen L\u00facia na manh\u00e3 dessa quarta.<\/p>\n<p>Maleiner disse n\u00e3o haver prazo para a conclus\u00e3o definitiva das investiga\u00e7\u00f5es, mas adiantou que est\u00e1 pr\u00f3ximo de terminar seus trabalhos. \u201cA investiga\u00e7\u00e3o est\u00e1 em curso, sempre importante relembrar isso, qualquer coisa que n\u00f3s digamos aqui \u00e9 provis\u00f3rio, pode eventualmente ser modificado, mas ela est\u00e1 em est\u00e1gio bastante avan\u00e7ado.\u201d<\/p>\n<p>Foram abertas tr\u00eas investiga\u00e7\u00f5es sobre morte de Teori Zavascki, uma pela For\u00e7a A\u00e9rea Brasileira (FAB), uma segunda pelo Minist\u00e9rio P\u00fablico Federal (MPF) e a terceira pela Pol\u00edcia Federal (PF). Nenhuma foi conclu\u00edda at\u00e9 o momento.<\/p>\n<p>O avi\u00e3o bimotor que transportava Teori Zavascki e mais quatro pessoas, incluindo o piloto, caiu no mar pr\u00f3ximo a Paraty, no litoral sul do Rio de Janeiro, em 19 de janeiro do ano passado. Todos os ocupantes morreram.<\/p>\n<p>Fonte: Ag\u00eancia Brasil<\/p>\n","protected":false},"excerpt":{"rendered":"<p>Falha humana \u00e9 a principal linha de investiga\u00e7\u00e3o sobre a morte do ministro Teori Zavascki, segundo relato parcial sobre as investiga\u00e7\u00f5es da morte do primeiro relator da Opera\u00e7\u00e3o Lava Jato no Supremo Tribunal Federal (STF), apresentado nessa quarta-feira, 10, pelo diretor-geral da Pol\u00edcia Federal (PF), Fernando Segovia, \u00e0 presidente da Corte, ministra C\u00e1rmen L\u00facia. O [&hellip;]<\/p>\n","protected":false},"author":96,"featured_media":89191,"comment_status":"closed","ping_status":"closed","sticky":false,"template":"","format":"standard","meta":{"footnotes":""},"categories":[302],"tags":[],"class_list":["post-89192","post","type-post","status-publish","format-standard","has-post-thumbnail","hentry","category-brasil-mundo"],"_links":{"self":[{"href":"https:\/\/diarioregionaldigital.com.br\/index.php?rest_route=\/wp\/v2\/posts\/89192","targetHints":{"allow":["GET"]}}],"collection":[{"href":"https:\/\/diarioregionaldigital.com.br\/index.php?rest_route=\/wp\/v2\/posts"}],"about":[{"href":"https:\/\/diarioregionaldigital.com.br\/index.php?rest_route=\/wp\/v2\/types\/post"}],"author":[{"embeddable":true,"href":"https:\/\/diarioregionaldigital.com.br\/index.php?rest_route=\/wp\/v2\/users\/96"}],"replies":[{"embeddable":true,"href":"https:\/\/diarioregionaldigital.com.br\/index.php?rest_route=%2Fwp%2Fv2%2Fcomments&post=89192"}],"version-history":[{"count":0,"href":"https:\/\/diarioregionaldigital.com.br\/index.php?rest_route=\/wp\/v2\/posts\/89192\/revisions"}],"wp:featuredmedia":[{"embeddable":true,"href":"https:\/\/diarioregionaldigital.com.br\/index.php?rest_route=\/wp\/v2\/media\/89191"}],"wp:attachment":[{"href":"https:\/\/diarioregionaldigital.com.br\/index.php?rest_route=%2Fwp%2Fv2%2Fmedia&parent=89192"}],"wp:term":[{"taxonomy":"category","embeddable":true,"href":"https:\/\/diarioregionaldigital.com.br\/index.php?rest_route=%2Fwp%2Fv2%2Fcategories&post=89192"},{"taxonomy":"post_tag","embeddable":true,"href":"https:\/\/diarioregionaldigital.com.br\/index.php?rest_route=%2Fwp%2Fv2%2Ftags&post=89192"}],"curies":[{"name":"wp","href":"https:\/\/api.w.org\/{rel}","templated":true}]}}