{"id":89190,"date":"2018-01-10T16:47:54","date_gmt":"2018-01-10T18:47:54","guid":{"rendered":"http:\/\/diarioregionaljf.com.br\/2018\/01\/10\/coreias-retomam-comunicacoes-militares\/"},"modified":"2018-01-10T16:47:54","modified_gmt":"2018-01-10T18:47:54","slug":"coreias-retomam-comunicacoes-militares","status":"publish","type":"post","link":"https:\/\/diarioregionaldigital.com.br\/?p=89190","title":{"rendered":"Coreias retomam comunica\u00e7\u00f5es militares"},"content":{"rendered":"<p>Os ex\u00e9rcitos das duas Coreias se comunicaram nessa quarta-feira, 10, &#8211; pela primeira vez em quase dois anos &#8211; atrav\u00e9s de uma linha reativada de Pyongyang a Seul na sua hist\u00f3rica reuni\u00e3o de alto n\u00edvel ocorrida ontem.<\/p>\n<p>Os ex\u00e9rcitos realizaram nessa quarta-feira testes de troca de mensagens atrav\u00e9s da linha recentemente restaurada, confirmou \u00e0 ag\u00eancia de not\u00edcias EFE um porta-voz do Minist\u00e9rio da Defesa.<\/p>\n<p>A linha est\u00e1 destinada a comunica\u00e7\u00f5es militares na regi\u00e3o em torno do Mar Amarelo (chamado de Mar Ocidental nas duas Coreias). Pyongyang tinha deixado de utiliz\u00e1-la em fevereiro de 2016, como forma de protesto pelo fechamento do complexo intercoreano de Kaesong, feito por Seul como castigo pelo desenvolvimento armament\u00edstico de Pyongyang.<\/p>\n<p>No entanto, a Coreia do Norte informou ao pa\u00eds vizinho, durante o encontro, que tinha reconectado esta via de comunica\u00e7\u00e3o.<\/p>\n<p>Durante a reuni\u00e3o, Pyongyang tamb\u00e9m aceitou a proposta de Seul de realizar futuras conversa\u00e7\u00f5es de categoria militar para atenuar os \u00e2nimos em torno da tensa fronteira entre os dois pa\u00edses, que tecnicamente est\u00e3o em guerra h\u00e1 65 anos.<\/p>\n<p>Fonte: Ag\u00eancia Brasil<\/p>\n","protected":false},"excerpt":{"rendered":"<p>Os ex\u00e9rcitos das duas Coreias se comunicaram nessa quarta-feira, 10, &#8211; pela primeira vez em quase dois anos &#8211; atrav\u00e9s de uma linha reativada de Pyongyang a Seul na sua hist\u00f3rica reuni\u00e3o de alto n\u00edvel ocorrida ontem. Os ex\u00e9rcitos realizaram nessa quarta-feira testes de troca de mensagens atrav\u00e9s da linha recentemente restaurada, confirmou \u00e0 ag\u00eancia [&hellip;]<\/p>\n","protected":false},"author":96,"featured_media":89189,"comment_status":"closed","ping_status":"closed","sticky":false,"template":"","format":"standard","meta":{"footnotes":""},"categories":[302],"tags":[],"class_list":["post-89190","post","type-post","status-publish","format-standard","has-post-thumbnail","hentry","category-brasil-mundo"],"_links":{"self":[{"href":"https:\/\/diarioregionaldigital.com.br\/index.php?rest_route=\/wp\/v2\/posts\/89190","targetHints":{"allow":["GET"]}}],"collection":[{"href":"https:\/\/diarioregionaldigital.com.br\/index.php?rest_route=\/wp\/v2\/posts"}],"about":[{"href":"https:\/\/diarioregionaldigital.com.br\/index.php?rest_route=\/wp\/v2\/types\/post"}],"author":[{"embeddable":true,"href":"https:\/\/diarioregionaldigital.com.br\/index.php?rest_route=\/wp\/v2\/users\/96"}],"replies":[{"embeddable":true,"href":"https:\/\/diarioregionaldigital.com.br\/index.php?rest_route=%2Fwp%2Fv2%2Fcomments&post=89190"}],"version-history":[{"count":0,"href":"https:\/\/diarioregionaldigital.com.br\/index.php?rest_route=\/wp\/v2\/posts\/89190\/revisions"}],"wp:featuredmedia":[{"embeddable":true,"href":"https:\/\/diarioregionaldigital.com.br\/index.php?rest_route=\/wp\/v2\/media\/89189"}],"wp:attachment":[{"href":"https:\/\/diarioregionaldigital.com.br\/index.php?rest_route=%2Fwp%2Fv2%2Fmedia&parent=89190"}],"wp:term":[{"taxonomy":"category","embeddable":true,"href":"https:\/\/diarioregionaldigital.com.br\/index.php?rest_route=%2Fwp%2Fv2%2Fcategories&post=89190"},{"taxonomy":"post_tag","embeddable":true,"href":"https:\/\/diarioregionaldigital.com.br\/index.php?rest_route=%2Fwp%2Fv2%2Ftags&post=89190"}],"curies":[{"name":"wp","href":"https:\/\/api.w.org\/{rel}","templated":true}]}}