{"id":89184,"date":"2018-01-10T13:04:24","date_gmt":"2018-01-10T15:04:24","guid":{"rendered":"http:\/\/diarioregionaljf.com.br\/2018\/01\/10\/idoso-e-ameacado-e-assaltado-ao-ir-comprar-remedios\/"},"modified":"2018-01-10T13:04:24","modified_gmt":"2018-01-10T15:04:24","slug":"idoso-e-ameacado-e-assaltado-ao-ir-comprar-remedios","status":"publish","type":"post","link":"https:\/\/diarioregionaldigital.com.br\/?p=89184","title":{"rendered":"Idoso \u00e9 amea\u00e7ado e assaltado ao ir comprar rem\u00e9dios"},"content":{"rendered":"<p>Um idoso de 62 anos foi assaltado na noite desta ter\u00e7a-feira, 9, na Rua Marechal Deodoro, localizado no centro da cidade.<\/p>\n<p>Segundo informa\u00e7\u00f5es da Pol\u00edcia Militar (PM), o senhor seguia at\u00e9 uma farm\u00e1cia quando foi abordado por dois indiv\u00edduos com toucas que anunciaram o assalto.<\/p>\n<p>Os autores estavam armados com uma faca e um rev\u00f3lver. Eles amea\u00e7aram a v\u00edtima, apontando e mostrando as armas e exigiram que entregasse o celular, o que foi prontamente feito.<\/p>\n<p>Ap\u00f3s o crime, os assaltantes fugiram em rumo ignorado.<\/p>\n<p>A PM realizou buscas, entretanto o autor n\u00e3o foi encontrado.<\/p>\n","protected":false},"excerpt":{"rendered":"<p>Um idoso de 62 anos foi assaltado na noite desta ter\u00e7a-feira, 9, na Rua Marechal Deodoro, localizado no centro da cidade. Segundo informa\u00e7\u00f5es da Pol\u00edcia Militar (PM), o senhor seguia at\u00e9 uma farm\u00e1cia quando foi abordado por dois indiv\u00edduos com toucas que anunciaram o assalto. Os autores estavam armados com uma faca e um rev\u00f3lver. [&hellip;]<\/p>\n","protected":false},"author":96,"featured_media":89183,"comment_status":"closed","ping_status":"closed","sticky":false,"template":"","format":"standard","meta":{"footnotes":""},"categories":[301],"tags":[],"class_list":["post-89184","post","type-post","status-publish","format-standard","has-post-thumbnail","hentry","category-artigos-policiais"],"_links":{"self":[{"href":"https:\/\/diarioregionaldigital.com.br\/index.php?rest_route=\/wp\/v2\/posts\/89184","targetHints":{"allow":["GET"]}}],"collection":[{"href":"https:\/\/diarioregionaldigital.com.br\/index.php?rest_route=\/wp\/v2\/posts"}],"about":[{"href":"https:\/\/diarioregionaldigital.com.br\/index.php?rest_route=\/wp\/v2\/types\/post"}],"author":[{"embeddable":true,"href":"https:\/\/diarioregionaldigital.com.br\/index.php?rest_route=\/wp\/v2\/users\/96"}],"replies":[{"embeddable":true,"href":"https:\/\/diarioregionaldigital.com.br\/index.php?rest_route=%2Fwp%2Fv2%2Fcomments&post=89184"}],"version-history":[{"count":0,"href":"https:\/\/diarioregionaldigital.com.br\/index.php?rest_route=\/wp\/v2\/posts\/89184\/revisions"}],"wp:featuredmedia":[{"embeddable":true,"href":"https:\/\/diarioregionaldigital.com.br\/index.php?rest_route=\/wp\/v2\/media\/89183"}],"wp:attachment":[{"href":"https:\/\/diarioregionaldigital.com.br\/index.php?rest_route=%2Fwp%2Fv2%2Fmedia&parent=89184"}],"wp:term":[{"taxonomy":"category","embeddable":true,"href":"https:\/\/diarioregionaldigital.com.br\/index.php?rest_route=%2Fwp%2Fv2%2Fcategories&post=89184"},{"taxonomy":"post_tag","embeddable":true,"href":"https:\/\/diarioregionaldigital.com.br\/index.php?rest_route=%2Fwp%2Fv2%2Ftags&post=89184"}],"curies":[{"name":"wp","href":"https:\/\/api.w.org\/{rel}","templated":true}]}}