{"id":89147,"date":"2018-01-09T20:02:38","date_gmt":"2018-01-09T22:02:38","guid":{"rendered":"http:\/\/diarioregionaljf.com.br\/2018\/01\/09\/definidas-as-presidencias-das-comissoes-permanentes-da-camara\/"},"modified":"2018-01-09T20:02:38","modified_gmt":"2018-01-09T22:02:38","slug":"definidas-as-presidencias-das-comissoes-permanentes-da-camara","status":"publish","type":"post","link":"https:\/\/diarioregionaldigital.com.br\/?p=89147","title":{"rendered":"Definidas as presid\u00eancias das Comiss\u00f5es Permanentes da C\u00e2mara"},"content":{"rendered":"<p>Foram definidas nessa segunda-feira, 8, as 15 presid\u00eancias das comiss\u00f5es permanentes da C\u00e2mara Municipal. As comiss\u00f5es t\u00eam como objetivo discutir e votar propostas apresentadas pelos legisladores, al\u00e9m de fiscalizar o Executivo. A Comiss\u00e3o de Seguran\u00e7a P\u00fablica ainda n\u00e3o teve o nome do presidente definido. Caso os membros n\u00e3o entrem em consenso, o vereador mais idoso assumir\u00e1 o comando da mesma.<\/p>\n<h4>CONFIRA OS VEREADORES PRESIDENTES:<\/h4>\n<p>Legisla\u00e7\u00e3o, Justi\u00e7a e Reda\u00e7\u00e3o: Z\u00e9 M\u00e1rcio (PV); Finan\u00e7as, Or\u00e7amento e Fiscaliza\u00e7\u00e3o Financeira: Ana do Padre Frederico (PMDB); Educa\u00e7\u00e3o, Cultura, Turismo, Esporte e Lazer: Ana do Padre Frederico (PMDB); Sa\u00fade P\u00fablica e Bem-Estar Social: Kennedy Ribeiro (PMDB); Urbanismo, Transporte, Tr\u00e2nsito, Meio Ambiente e Acessibilidade: Z\u00e9 M\u00e1rcio (PV); Abastecimento, Ind\u00fastria, Com\u00e9rcio, Agropecu\u00e1ria e Defesa do Consumidor: Marlon Siqueira (PMDB; Direitos Humanos e Cidadania: Bet\u00e3o (PT); Participa\u00e7\u00e3o Popular e de Legisla\u00e7\u00e3o Participativa: Castelar (PT); Direitos da Mulher: Sheila Oliveira (PTC); Defesa dos Direitos da Crian\u00e7a e do Adolescente: J\u00falio Obama Jr. (PHS); Defesa dos Direitos dos Idosos: Ana do Padre Frederico (PMDB); \u00c9tica e do Decoro Parlamentar: J\u00falio Obama Jr. (PHS); Seguran\u00e7a P\u00fablica: Sheila Oliveira (PTC); Defesa dos Direitos da Pessoa com Defici\u00eancia: Coteca (PR); e Defesa, Controle e Prote\u00e7\u00e3o dos Animais: Marlon Siqueira (PMDB)<\/p>\n<p>Fonte: Assessoria<\/p>\n","protected":false},"excerpt":{"rendered":"<p>Foram definidas nessa segunda-feira, 8, as 15 presid\u00eancias das comiss\u00f5es permanentes da C\u00e2mara Municipal. As comiss\u00f5es t\u00eam como objetivo discutir e votar propostas apresentadas pelos legisladores, al\u00e9m de fiscalizar o Executivo. A Comiss\u00e3o de Seguran\u00e7a P\u00fablica ainda n\u00e3o teve o nome do presidente definido. Caso os membros n\u00e3o entrem em consenso, o vereador mais idoso [&hellip;]<\/p>\n","protected":false},"author":96,"featured_media":89146,"comment_status":"closed","ping_status":"closed","sticky":false,"template":"","format":"standard","meta":{"footnotes":""},"categories":[254],"tags":[],"class_list":["post-89147","post","type-post","status-publish","format-standard","has-post-thumbnail","hentry","category-politica"],"_links":{"self":[{"href":"https:\/\/diarioregionaldigital.com.br\/index.php?rest_route=\/wp\/v2\/posts\/89147","targetHints":{"allow":["GET"]}}],"collection":[{"href":"https:\/\/diarioregionaldigital.com.br\/index.php?rest_route=\/wp\/v2\/posts"}],"about":[{"href":"https:\/\/diarioregionaldigital.com.br\/index.php?rest_route=\/wp\/v2\/types\/post"}],"author":[{"embeddable":true,"href":"https:\/\/diarioregionaldigital.com.br\/index.php?rest_route=\/wp\/v2\/users\/96"}],"replies":[{"embeddable":true,"href":"https:\/\/diarioregionaldigital.com.br\/index.php?rest_route=%2Fwp%2Fv2%2Fcomments&post=89147"}],"version-history":[{"count":0,"href":"https:\/\/diarioregionaldigital.com.br\/index.php?rest_route=\/wp\/v2\/posts\/89147\/revisions"}],"wp:featuredmedia":[{"embeddable":true,"href":"https:\/\/diarioregionaldigital.com.br\/index.php?rest_route=\/wp\/v2\/media\/89146"}],"wp:attachment":[{"href":"https:\/\/diarioregionaldigital.com.br\/index.php?rest_route=%2Fwp%2Fv2%2Fmedia&parent=89147"}],"wp:term":[{"taxonomy":"category","embeddable":true,"href":"https:\/\/diarioregionaldigital.com.br\/index.php?rest_route=%2Fwp%2Fv2%2Fcategories&post=89147"},{"taxonomy":"post_tag","embeddable":true,"href":"https:\/\/diarioregionaldigital.com.br\/index.php?rest_route=%2Fwp%2Fv2%2Ftags&post=89147"}],"curies":[{"name":"wp","href":"https:\/\/api.w.org\/{rel}","templated":true}]}}