{"id":89145,"date":"2018-01-09T19:54:30","date_gmt":"2018-01-09T21:54:30","guid":{"rendered":"http:\/\/diarioregionaljf.com.br\/2018\/01\/09\/terminam-nesta-quarta-feira-as-inscricoes-para-processo-seletivo-de-cirurgiao-dentista-da-pjf\/"},"modified":"2018-01-09T19:54:30","modified_gmt":"2018-01-09T21:54:30","slug":"terminam-nesta-quarta-feira-as-inscricoes-para-processo-seletivo-de-cirurgiao-dentista-da-pjf","status":"publish","type":"post","link":"https:\/\/diarioregionaldigital.com.br\/?p=89145","title":{"rendered":"Terminam nesta quarta-feira as inscri\u00e7\u00f5es para processo seletivo de cirurgi\u00e3o-dentista da PJF"},"content":{"rendered":"<p>Podem ser realizadas at\u00e9 as 18h desta quarta-feira, 10, as inscri\u00e7\u00f5es para o processo seletivo simplificado para contrata\u00e7\u00e3o tempor\u00e1ria de Cirurgi\u00e3o Dentista para a especialidade Bucomaxilofacial (<a href=\"https:\/\/www.pjf.mg.gov.br\/secretarias\/sarh\/edital\/temporario\/347\/index.php\" target=\"_blank\" rel=\"noopener noreferrer\">Edital n\u00ba 347-SARH<\/a>). A carga \u00e9 de 20 horas semanais, e o vencimento mensal, de R$2.398,22. Os requisitos podem ser conferidos no edital, dispon\u00edvel neste <a href=\"https:\/\/www.pjf.mg.gov.br\/e_atos\/e_atos_vis.php?id=58223\" target=\"_blank\" rel=\"noopener noreferrer\">link<\/a>. As inscri\u00e7\u00f5es devem ser feitas no <a href=\"http:\/\/sisadm.pjf.mg.gov.br\/processo_seletivo\/inscricao_edital_347\/logar.php\" target=\"_blank\" rel=\"noopener noreferrer\">site da Prefeitura de Juiz de Fora (PJF)<\/a>. O candidato que j\u00e1 realizou inscri\u00e7\u00f5es em processos seletivos anteriores da PJF e esqueceu sua senha, poder\u00e1 resgat\u00e1-la, no momento da inscri\u00e7\u00e3o, atrav\u00e9s do \u00edcone \u201cEsqueceu sua senha? Clique aqui\u201d, informando n\u00famero do CPF e data de nascimento.<\/p>\n<p>Os candidatos ter\u00e3o de entregar os t\u00edtulos para valida\u00e7\u00e3o das informa\u00e7\u00f5es prestadas na inscri\u00e7\u00e3o nos dias 11 ou 12 na Secretaria de Administra\u00e7\u00e3o e Recursos Humanos (SARH) &#8211; Av. Brasil, n\u00ba 2001, 8\u00ba andar, das 8h30 \u00e0s 11h30 ou das 14h30 \u00e0s 17h30. A documenta\u00e7\u00e3o referente aos t\u00edtulos, com a c\u00f3pia do documento de identidade, ser\u00e1 entregue pessoalmente ou por terceiros, em envelope lacrado e devidamente identificado, com nome completo do candidato, cargo e n\u00famero de inscri\u00e7\u00e3o. Com o envelope, dever\u00e1 ser entregue o comprovante de inscri\u00e7\u00e3o, que servir\u00e1 de recibo para o candidato.<\/p>\n<p>&nbsp;<\/p>\n<p>Fonte: Assessoria<\/p>\n","protected":false},"excerpt":{"rendered":"<p>Podem ser realizadas at\u00e9 as 18h desta quarta-feira, 10, as inscri\u00e7\u00f5es para o processo seletivo simplificado para contrata\u00e7\u00e3o tempor\u00e1ria de Cirurgi\u00e3o Dentista para a especialidade Bucomaxilofacial (Edital n\u00ba 347-SARH). A carga \u00e9 de 20 horas semanais, e o vencimento mensal, de R$2.398,22. Os requisitos podem ser conferidos no edital, dispon\u00edvel neste link. As inscri\u00e7\u00f5es devem [&hellip;]<\/p>\n","protected":false},"author":96,"featured_media":89144,"comment_status":"closed","ping_status":"closed","sticky":false,"template":"","format":"standard","meta":{"footnotes":""},"categories":[280],"tags":[],"class_list":["post-89145","post","type-post","status-publish","format-standard","has-post-thumbnail","hentry","category-concurso"],"_links":{"self":[{"href":"https:\/\/diarioregionaldigital.com.br\/index.php?rest_route=\/wp\/v2\/posts\/89145","targetHints":{"allow":["GET"]}}],"collection":[{"href":"https:\/\/diarioregionaldigital.com.br\/index.php?rest_route=\/wp\/v2\/posts"}],"about":[{"href":"https:\/\/diarioregionaldigital.com.br\/index.php?rest_route=\/wp\/v2\/types\/post"}],"author":[{"embeddable":true,"href":"https:\/\/diarioregionaldigital.com.br\/index.php?rest_route=\/wp\/v2\/users\/96"}],"replies":[{"embeddable":true,"href":"https:\/\/diarioregionaldigital.com.br\/index.php?rest_route=%2Fwp%2Fv2%2Fcomments&post=89145"}],"version-history":[{"count":0,"href":"https:\/\/diarioregionaldigital.com.br\/index.php?rest_route=\/wp\/v2\/posts\/89145\/revisions"}],"wp:featuredmedia":[{"embeddable":true,"href":"https:\/\/diarioregionaldigital.com.br\/index.php?rest_route=\/wp\/v2\/media\/89144"}],"wp:attachment":[{"href":"https:\/\/diarioregionaldigital.com.br\/index.php?rest_route=%2Fwp%2Fv2%2Fmedia&parent=89145"}],"wp:term":[{"taxonomy":"category","embeddable":true,"href":"https:\/\/diarioregionaldigital.com.br\/index.php?rest_route=%2Fwp%2Fv2%2Fcategories&post=89145"},{"taxonomy":"post_tag","embeddable":true,"href":"https:\/\/diarioregionaldigital.com.br\/index.php?rest_route=%2Fwp%2Fv2%2Ftags&post=89145"}],"curies":[{"name":"wp","href":"https:\/\/api.w.org\/{rel}","templated":true}]}}