{"id":89106,"date":"2018-01-09T17:59:09","date_gmt":"2018-01-09T19:59:09","guid":{"rendered":"http:\/\/diarioregionaljf.com.br\/2018\/01\/09\/secretaria-estadual-de-educacao-divulga-novo-cronograma-para-processo-de-designacao-em-2018\/"},"modified":"2018-01-09T17:59:09","modified_gmt":"2018-01-09T19:59:09","slug":"secretaria-estadual-de-educacao-divulga-novo-cronograma-para-processo-de-designacao-em-2018","status":"publish","type":"post","link":"https:\/\/diarioregionaldigital.com.br\/?p=89106","title":{"rendered":"Secretaria Estadual de Educa\u00e7\u00e3o divulga novo cronograma para processo de designa\u00e7\u00e3o em 2018"},"content":{"rendered":"<p>A Secretaria de Estado de Educa\u00e7\u00e3o de Minas Gerais (SEE) divulgou no <a href=\"http:\/\/jornal.iof.mg.gov.br\/xmlui\/handle\/123456789\/193658?paginaCorrente=01&amp;posicaoPagCorrente=193646&amp;linkBase=http%3A%2F%2Fjornal.iof.mg.gov.br%3A80%2Fxmlui%2Fhandle%2F123456789%2F&amp;totalPaginas=60&amp;paginaDestino=13&amp;indice=0\" target=\"_blank\" rel=\"noopener noreferrer\">Di\u00e1rio Oficial Minas Gerai<\/a>s de s\u00e1bado, 6, a altera\u00e7\u00e3o do cronograma a ser cumprido no processo de designa\u00e7\u00e3o para o exerc\u00edcio da fun\u00e7\u00e3o p\u00fablica na Rede Estadual de Educa\u00e7\u00e3o B\u00e1sica em 2018, conforme disposi\u00e7\u00f5es da Resolu\u00e7\u00e3o SEE n\u00ba 3660\/2017, que estabelece normas para a designa\u00e7\u00e3o e a organiza\u00e7\u00e3o do Quadro de Pessoal das Escolas Estaduais.<\/p>\n<p>As Superintend\u00eancias Regionais (SRE), as unidades de ensino e as unidades administrativas do \u00d3rg\u00e3o Central envolvidas direta e indiretamente no processo de designa\u00e7\u00e3o devem ficar atentas aos novos prazos.<\/p>\n<p>&nbsp;<\/p>\n<h4>NOVO CRONOGRAMA PARA PROCESSO DE DESIGNA\u00c7\u00c3O 2018<\/h4>\n<p>&nbsp;<\/p>\n<p><img loading=\"lazy\" decoding=\"async\" class=\" size-full wp-image-89105\" src=\"http:\/\/diarioregionaljf.com.br\/wp-content\/uploads\/2018\/01\/diario-int-22888-1.jpg\" alt=\"cronogramaeduca\u00e7\u00e3o.jpg\" width=\"591\" height=\"334\" srcset=\"https:\/\/diarioregionaldigital.com.br\/wp-content\/uploads\/2018\/01\/diario-int-22888-1.jpg 680w, https:\/\/diarioregionaldigital.com.br\/wp-content\/uploads\/2018\/01\/diario-int-22888-1-300x169.jpg 300w, https:\/\/diarioregionaldigital.com.br\/wp-content\/uploads\/2018\/01\/diario-int-22888-1-360x203.jpg 360w\" sizes=\"auto, (max-width: 591px) 100vw, 591px\" \/><\/p>\n<p>Fonte: Ag\u00eancia Minas<\/p>\n","protected":false},"excerpt":{"rendered":"<p>A Secretaria de Estado de Educa\u00e7\u00e3o de Minas Gerais (SEE) divulgou no Di\u00e1rio Oficial Minas Gerais de s\u00e1bado, 6, a altera\u00e7\u00e3o do cronograma a ser cumprido no processo de designa\u00e7\u00e3o para o exerc\u00edcio da fun\u00e7\u00e3o p\u00fablica na Rede Estadual de Educa\u00e7\u00e3o B\u00e1sica em 2018, conforme disposi\u00e7\u00f5es da Resolu\u00e7\u00e3o SEE n\u00ba 3660\/2017, que estabelece normas para [&hellip;]<\/p>\n","protected":false},"author":96,"featured_media":89104,"comment_status":"closed","ping_status":"closed","sticky":false,"template":"","format":"standard","meta":{"footnotes":""},"categories":[252],"tags":[],"class_list":["post-89106","post","type-post","status-publish","format-standard","has-post-thumbnail","hentry","category-regiao"],"_links":{"self":[{"href":"https:\/\/diarioregionaldigital.com.br\/index.php?rest_route=\/wp\/v2\/posts\/89106","targetHints":{"allow":["GET"]}}],"collection":[{"href":"https:\/\/diarioregionaldigital.com.br\/index.php?rest_route=\/wp\/v2\/posts"}],"about":[{"href":"https:\/\/diarioregionaldigital.com.br\/index.php?rest_route=\/wp\/v2\/types\/post"}],"author":[{"embeddable":true,"href":"https:\/\/diarioregionaldigital.com.br\/index.php?rest_route=\/wp\/v2\/users\/96"}],"replies":[{"embeddable":true,"href":"https:\/\/diarioregionaldigital.com.br\/index.php?rest_route=%2Fwp%2Fv2%2Fcomments&post=89106"}],"version-history":[{"count":0,"href":"https:\/\/diarioregionaldigital.com.br\/index.php?rest_route=\/wp\/v2\/posts\/89106\/revisions"}],"wp:featuredmedia":[{"embeddable":true,"href":"https:\/\/diarioregionaldigital.com.br\/index.php?rest_route=\/wp\/v2\/media\/89104"}],"wp:attachment":[{"href":"https:\/\/diarioregionaldigital.com.br\/index.php?rest_route=%2Fwp%2Fv2%2Fmedia&parent=89106"}],"wp:term":[{"taxonomy":"category","embeddable":true,"href":"https:\/\/diarioregionaldigital.com.br\/index.php?rest_route=%2Fwp%2Fv2%2Fcategories&post=89106"},{"taxonomy":"post_tag","embeddable":true,"href":"https:\/\/diarioregionaldigital.com.br\/index.php?rest_route=%2Fwp%2Fv2%2Ftags&post=89106"}],"curies":[{"name":"wp","href":"https:\/\/api.w.org\/{rel}","templated":true}]}}