{"id":89103,"date":"2018-01-09T17:56:47","date_gmt":"2018-01-09T19:56:47","guid":{"rendered":"http:\/\/diarioregionaljf.com.br\/2018\/01\/09\/febre-amarela-sp-rj-e-ba-vao-adotar-dose-fracionada-da-vacina\/"},"modified":"2018-01-09T17:56:47","modified_gmt":"2018-01-09T19:56:47","slug":"febre-amarela-sp-rj-e-ba-vao-adotar-dose-fracionada-da-vacina","status":"publish","type":"post","link":"https:\/\/diarioregionaldigital.com.br\/?p=89103","title":{"rendered":"Febre amarela: SP, RJ e BA v\u00e3o adotar dose fracionada da vacina"},"content":{"rendered":"<p>Entre fevereiro e mar\u00e7o deste ano, 75 munic\u00edpios de S\u00e3o Paulo, do Rio de Janeiro e da Bahia v\u00e3o realizar campanhas de vacina\u00e7\u00e3o contra a febre amarela com doses fracionadas. A decis\u00e3o, segundo o ministro da Sa\u00fade, Ricardo Barros, foi adotada mediante recomenda\u00e7\u00e3o e autoriza\u00e7\u00e3o da Organiza\u00e7\u00e3o Mundial da Sa\u00fade (OMS).<\/p>\n<p>O fracionamento de doses, de acordo com a pasta, \u00e9 uma medida preventiva e emergencial adotada em raz\u00e3o do surto da doen\u00e7a no pa\u00eds e que ser\u00e1 implementada em \u00e1reas selecionadas durante um per\u00edodo de 15 dias. &#8220;A dose fracionada, at\u00e9 o presente momento, tem mostrado exatamente a mesma capacidade de imuniza\u00e7\u00e3o que a dose integral&#8221;, disse o ministro.<\/p>\n<p>Barros destacou que a dose padr\u00e3o da vacina contra a febre amarela protege uma pessoa por toda a vida, enquanto a dose fracionada protege por pelo menos oito anos. Estudos em andamento, segundo ele, v\u00e3o continuar a avaliar a prote\u00e7\u00e3o da dose fracionada posterior a esse per\u00edodo.<\/p>\n<p>Ao todo, 19,7 milh\u00f5es de pessoas devem ser imunizadas nos tr\u00eas estados, sendo 15 milh\u00f5es com doses fracionadas e 4,7 milh\u00f5es com dose padr\u00e3o (crian\u00e7as de 9 meses a menores de 2 anos; pessoas com condi\u00e7\u00f5es cl\u00ednicas especiais como HIV\/aids, doen\u00e7as hematol\u00f3gicas ou ap\u00f3s t\u00e9rmino de quimioterapia; gestantes; e viajantes internacionais, mediante apresenta\u00e7\u00e3o do comprovante de viagem).<\/p>\n<p>&nbsp;<\/p>\n<h4>CAMPANHAS NOS ESTADOS<\/h4>\n<p>No estado de S\u00e3o Paulo, 4,9 milh\u00f5es de pessoas v\u00e3o receber a dose fracionada e 1,4 milh\u00e3o, a dose padr\u00e3o em 52 munic\u00edpios. O per\u00edodo da campanha ser\u00e1 de 3 a 24 de fevereiro, sendo os dias 3 e 24 (s\u00e1bados) os dias D de mobiliza\u00e7\u00e3o.<\/p>\n<p>No Rio de Janeiro, 2,4 milh\u00f5es de pessoas devem receber a dose fracionada e 7,7 milh\u00f5es, a padr\u00e3o em 15 munic\u00edpios. Em raz\u00e3o do carnaval, a campanha acontece entre 19 de fevereiro e 9 de mar\u00e7o, sendo o dia 24 o dia D de mobiliza\u00e7\u00e3o.<\/p>\n<p>J\u00e1 na Bahia, 2,5 milh\u00f5es de pessoas ser\u00e3o vacinadas com a dose fracionada e 813 mil com a dose padr\u00e3o em oito munic\u00edpios. Tamb\u00e9m em raz\u00e3o do carnaval, a campanha ser\u00e1 feita de 19 de fevereiro a 9 de mar\u00e7o, sendo o dia 24 o dia D de mobiliza\u00e7\u00e3o.<\/p>\n<p>&nbsp;<\/p>\n<h4>O FRACIONAMENTO<\/h4>\n<p>Atualmente, o minist\u00e9rio utiliza a dose padr\u00e3o da vacina contra a febre amarela com 0,5 mL. J\u00e1 para a dose fracionada, s\u00e3o aplicados 0,1mL ou 1\/5 da dose padr\u00e3o. Desta forma, um frasco com cinco doses da vacina padr\u00e3o pode imunizar at\u00e9 25 pessoas com a dose fracionada contra a doen\u00e7a.<\/p>\n<p>&nbsp;<\/p>\n<h4>CAPACITA\u00c7\u00c3O<\/h4>\n<p>O minist\u00e9rio informou ainda que, em janeiro, estados e munic\u00edpios v\u00e3o treinar profissionais de sa\u00fade e adequar a log\u00edstica para o fracionamento de doses. Para isso, a pasta deve repassar aos estados R$54 milh\u00f5es do Piso Vari\u00e1vel de Vigil\u00e2ncia em Sa\u00fade.<\/p>\n<p>Fonte: Ag\u00eancia Brasil<\/p>\n","protected":false},"excerpt":{"rendered":"<p>Entre fevereiro e mar\u00e7o deste ano, 75 munic\u00edpios de S\u00e3o Paulo, do Rio de Janeiro e da Bahia v\u00e3o realizar campanhas de vacina\u00e7\u00e3o contra a febre amarela com doses fracionadas. A decis\u00e3o, segundo o ministro da Sa\u00fade, Ricardo Barros, foi adotada mediante recomenda\u00e7\u00e3o e autoriza\u00e7\u00e3o da Organiza\u00e7\u00e3o Mundial da Sa\u00fade (OMS). O fracionamento de doses, [&hellip;]<\/p>\n","protected":false},"author":96,"featured_media":89102,"comment_status":"closed","ping_status":"closed","sticky":false,"template":"","format":"standard","meta":{"footnotes":""},"categories":[302],"tags":[],"class_list":["post-89103","post","type-post","status-publish","format-standard","has-post-thumbnail","hentry","category-brasil-mundo"],"_links":{"self":[{"href":"https:\/\/diarioregionaldigital.com.br\/index.php?rest_route=\/wp\/v2\/posts\/89103","targetHints":{"allow":["GET"]}}],"collection":[{"href":"https:\/\/diarioregionaldigital.com.br\/index.php?rest_route=\/wp\/v2\/posts"}],"about":[{"href":"https:\/\/diarioregionaldigital.com.br\/index.php?rest_route=\/wp\/v2\/types\/post"}],"author":[{"embeddable":true,"href":"https:\/\/diarioregionaldigital.com.br\/index.php?rest_route=\/wp\/v2\/users\/96"}],"replies":[{"embeddable":true,"href":"https:\/\/diarioregionaldigital.com.br\/index.php?rest_route=%2Fwp%2Fv2%2Fcomments&post=89103"}],"version-history":[{"count":0,"href":"https:\/\/diarioregionaldigital.com.br\/index.php?rest_route=\/wp\/v2\/posts\/89103\/revisions"}],"wp:featuredmedia":[{"embeddable":true,"href":"https:\/\/diarioregionaldigital.com.br\/index.php?rest_route=\/wp\/v2\/media\/89102"}],"wp:attachment":[{"href":"https:\/\/diarioregionaldigital.com.br\/index.php?rest_route=%2Fwp%2Fv2%2Fmedia&parent=89103"}],"wp:term":[{"taxonomy":"category","embeddable":true,"href":"https:\/\/diarioregionaldigital.com.br\/index.php?rest_route=%2Fwp%2Fv2%2Fcategories&post=89103"},{"taxonomy":"post_tag","embeddable":true,"href":"https:\/\/diarioregionaldigital.com.br\/index.php?rest_route=%2Fwp%2Fv2%2Ftags&post=89103"}],"curies":[{"name":"wp","href":"https:\/\/api.w.org\/{rel}","templated":true}]}}