{"id":89101,"date":"2018-01-09T17:15:20","date_gmt":"2018-01-09T19:15:20","guid":{"rendered":"http:\/\/diarioregionaljf.com.br\/2018\/01\/09\/policia-do-para-indicia-duas-pessoas-por-acidente-com-navio-cargueiro\/"},"modified":"2018-01-09T17:15:20","modified_gmt":"2018-01-09T19:15:20","slug":"policia-do-para-indicia-duas-pessoas-por-acidente-com-navio-cargueiro","status":"publish","type":"post","link":"https:\/\/diarioregionaldigital.com.br\/?p=89101","title":{"rendered":"Pol\u00edcia do Par\u00e1 indicia duas pessoas por acidente com navio cargueiro"},"content":{"rendered":"<p>A Pol\u00edcia Civil indiciou nessa segunda-feira, 8, o imediato (fun\u00e7\u00e3o logo abaixo de comandante) Raimundo Cruz e o pr\u00e1tico Fl\u00e1vio Lins Barbosa pelo acidente com um empurrador da empresa Bertolini e o navio cargueiro Mercosul Santos. O acidente ocorreu em agosto do ano passado, nas proximidades de \u00d3bidos, no Par\u00e1. Os dois s\u00e3o acusados pelo descumprimento de regras que orientam a navega\u00e7\u00e3o de embarca\u00e7\u00f5es de propuls\u00e3o mec\u00e2nica.<\/p>\n<p>De acordo com a Pol\u00edcia Civil, o indiciamento est\u00e1 baseado em cinco meses de investiga\u00e7\u00e3o, depoimentos e \u00e1udios captados pelo sistema registrador de dados do navio. Os \u00e1udios n\u00e3o mostram comunica\u00e7\u00e3o entre o empurrador e o navio.<\/p>\n<p>A falta de contato e os equ\u00edvocos de interpreta\u00e7\u00e3o por parte dos profissionais que conduziam o navio cargueiro Mercosul Santos teriam sido determinantes para a colis\u00e3o e naufr\u00e1gio. Nove pessoas que estavam no empurrador morreram no acidente.<\/p>\n<p>Raimundo Cruz e Fl\u00e1vio Lins v\u00e3o responder por crimes relacionadas \u00e0 navega\u00e7\u00e3o mar\u00edtima e fluvial. A pena pode chegar a 12 anos de reclus\u00e3o. O inqu\u00e9rito agora segue para o Minist\u00e9rio P\u00fablico Estadual do Par\u00e1.<\/p>\n<p>A reportagem procurou as empresas Bertolini e Mercosul, onde os acusados trabalhavam, mas n\u00e3o obteve retorno at\u00e9 a publica\u00e7\u00e3o.<\/p>\n<p>Fonte: Ag\u00eancia Brasil<\/p>\n","protected":false},"excerpt":{"rendered":"<p>A Pol\u00edcia Civil indiciou nessa segunda-feira, 8, o imediato (fun\u00e7\u00e3o logo abaixo de comandante) Raimundo Cruz e o pr\u00e1tico Fl\u00e1vio Lins Barbosa pelo acidente com um empurrador da empresa Bertolini e o navio cargueiro Mercosul Santos. O acidente ocorreu em agosto do ano passado, nas proximidades de \u00d3bidos, no Par\u00e1. Os dois s\u00e3o acusados pelo [&hellip;]<\/p>\n","protected":false},"author":96,"featured_media":89100,"comment_status":"closed","ping_status":"closed","sticky":false,"template":"","format":"standard","meta":{"footnotes":""},"categories":[302],"tags":[],"class_list":["post-89101","post","type-post","status-publish","format-standard","has-post-thumbnail","hentry","category-brasil-mundo"],"_links":{"self":[{"href":"https:\/\/diarioregionaldigital.com.br\/index.php?rest_route=\/wp\/v2\/posts\/89101","targetHints":{"allow":["GET"]}}],"collection":[{"href":"https:\/\/diarioregionaldigital.com.br\/index.php?rest_route=\/wp\/v2\/posts"}],"about":[{"href":"https:\/\/diarioregionaldigital.com.br\/index.php?rest_route=\/wp\/v2\/types\/post"}],"author":[{"embeddable":true,"href":"https:\/\/diarioregionaldigital.com.br\/index.php?rest_route=\/wp\/v2\/users\/96"}],"replies":[{"embeddable":true,"href":"https:\/\/diarioregionaldigital.com.br\/index.php?rest_route=%2Fwp%2Fv2%2Fcomments&post=89101"}],"version-history":[{"count":0,"href":"https:\/\/diarioregionaldigital.com.br\/index.php?rest_route=\/wp\/v2\/posts\/89101\/revisions"}],"wp:featuredmedia":[{"embeddable":true,"href":"https:\/\/diarioregionaldigital.com.br\/index.php?rest_route=\/wp\/v2\/media\/89100"}],"wp:attachment":[{"href":"https:\/\/diarioregionaldigital.com.br\/index.php?rest_route=%2Fwp%2Fv2%2Fmedia&parent=89101"}],"wp:term":[{"taxonomy":"category","embeddable":true,"href":"https:\/\/diarioregionaldigital.com.br\/index.php?rest_route=%2Fwp%2Fv2%2Fcategories&post=89101"},{"taxonomy":"post_tag","embeddable":true,"href":"https:\/\/diarioregionaldigital.com.br\/index.php?rest_route=%2Fwp%2Fv2%2Ftags&post=89101"}],"curies":[{"name":"wp","href":"https:\/\/api.w.org\/{rel}","templated":true}]}}