{"id":89097,"date":"2018-01-09T17:11:21","date_gmt":"2018-01-09T19:11:21","guid":{"rendered":"http:\/\/diarioregionaljf.com.br\/2018\/01\/09\/homem-e-resgatado-apos-cair-em-pedreira-em-leopoldina\/"},"modified":"2018-01-09T17:11:21","modified_gmt":"2018-01-09T19:11:21","slug":"homem-e-resgatado-apos-cair-em-pedreira-em-leopoldina","status":"publish","type":"post","link":"https:\/\/diarioregionaldigital.com.br\/?p=89097","title":{"rendered":"Homem \u00e9 resgatado ap\u00f3s cair em pedreira em Leopoldina"},"content":{"rendered":"<p>Um homem de 30 anos foi resgatado na tarde dessa segunda, 8, em Leopoldina (a cerca de 97 Km de Juiz de Fora), ap\u00f3s cair e ficar preso em um local de dif\u00edcil acesso da pedreira do Morro do Cruzeiro, que tem aproximadamente 385 metros de altura. De acordo com as informa\u00e7\u00f5es, o homem n\u00e3o apresentava ferimentos e as causas da queda n\u00e3o foram informadas.<\/p>\n<p>O salvamento come\u00e7ou na manh\u00e3, por volta das 10h30, mas os militares s\u00f3 conseguiram contato com a v\u00edtima por volta de 13h40, quando um sargento chegou ao local para prestar os primeiros socorros. Por volta das 16h00, com aux\u00edlio de outros componentes do resgate, os profissionais conseguiram pux\u00e1-lo pela dist\u00e2ncia de aproximadamente 40 metros at\u00e9 o topo da montanha. Logo ap\u00f3s, ele foi transportado por uma Unidade do SAMU para a Casa de Caridade Leopoldinense.<\/p>\n<p>Segundo informa\u00e7\u00f5es do Tenente Guilherme Cantelle, Comandante do 4\u00ba Pelot\u00e3o BM de Leopoldina, o local \u00e9 de dif\u00edcil acesso e foi necess\u00e1ria a utiliza\u00e7\u00e3o de um drone para saber a localiza\u00e7\u00e3o exata do homem.<\/p>\n<p>Al\u00e9m do Corpo de Bombeiros de Leopoldina, auxiliaram no resgate os policiais da PM Ambiental, Pol\u00edcia Civil, Pol\u00edcia Militar, Luidi Oliveira &#8211; que j\u00e1 participou de escaladas em montanhas e colaborou em outros resgates, al\u00e9m do fot\u00f3grado R\u00f4mulo Nascimento (Dayana Valle &#8211; Fine Art Photography) que colaborou atrav\u00e9s de imagens a\u00e9reas feitas por um drone. Toda a a\u00e7\u00e3o durou cerca de 5 horas.<\/p>\n<p>Fonte: O Vigilante Online<\/p>\n","protected":false},"excerpt":{"rendered":"<p>Um homem de 30 anos foi resgatado na tarde dessa segunda, 8, em Leopoldina (a cerca de 97 Km de Juiz de Fora), ap\u00f3s cair e ficar preso em um local de dif\u00edcil acesso da pedreira do Morro do Cruzeiro, que tem aproximadamente 385 metros de altura. De acordo com as informa\u00e7\u00f5es, o homem n\u00e3o [&hellip;]<\/p>\n","protected":false},"author":96,"featured_media":89096,"comment_status":"closed","ping_status":"closed","sticky":false,"template":"","format":"standard","meta":{"footnotes":""},"categories":[252],"tags":[],"class_list":["post-89097","post","type-post","status-publish","format-standard","has-post-thumbnail","hentry","category-regiao"],"_links":{"self":[{"href":"https:\/\/diarioregionaldigital.com.br\/index.php?rest_route=\/wp\/v2\/posts\/89097","targetHints":{"allow":["GET"]}}],"collection":[{"href":"https:\/\/diarioregionaldigital.com.br\/index.php?rest_route=\/wp\/v2\/posts"}],"about":[{"href":"https:\/\/diarioregionaldigital.com.br\/index.php?rest_route=\/wp\/v2\/types\/post"}],"author":[{"embeddable":true,"href":"https:\/\/diarioregionaldigital.com.br\/index.php?rest_route=\/wp\/v2\/users\/96"}],"replies":[{"embeddable":true,"href":"https:\/\/diarioregionaldigital.com.br\/index.php?rest_route=%2Fwp%2Fv2%2Fcomments&post=89097"}],"version-history":[{"count":0,"href":"https:\/\/diarioregionaldigital.com.br\/index.php?rest_route=\/wp\/v2\/posts\/89097\/revisions"}],"wp:featuredmedia":[{"embeddable":true,"href":"https:\/\/diarioregionaldigital.com.br\/index.php?rest_route=\/wp\/v2\/media\/89096"}],"wp:attachment":[{"href":"https:\/\/diarioregionaldigital.com.br\/index.php?rest_route=%2Fwp%2Fv2%2Fmedia&parent=89097"}],"wp:term":[{"taxonomy":"category","embeddable":true,"href":"https:\/\/diarioregionaldigital.com.br\/index.php?rest_route=%2Fwp%2Fv2%2Fcategories&post=89097"},{"taxonomy":"post_tag","embeddable":true,"href":"https:\/\/diarioregionaldigital.com.br\/index.php?rest_route=%2Fwp%2Fv2%2Ftags&post=89097"}],"curies":[{"name":"wp","href":"https:\/\/api.w.org\/{rel}","templated":true}]}}