{"id":89095,"date":"2018-01-09T17:03:27","date_gmt":"2018-01-09T19:03:27","guid":{"rendered":"http:\/\/diarioregionaljf.com.br\/2018\/01\/09\/enel-firma-acordo-com-uff-para-pagamento-de-divida-de-r-19-8-milhoes\/"},"modified":"2018-01-09T17:03:27","modified_gmt":"2018-01-09T19:03:27","slug":"enel-firma-acordo-com-uff-para-pagamento-de-divida-de-r-19-8-milhoes","status":"publish","type":"post","link":"https:\/\/diarioregionaldigital.com.br\/?p=89095","title":{"rendered":"Enel firma acordo com UFF para pagamento de d\u00edvida de R$19,8 milh\u00f5es"},"content":{"rendered":"<p>A concession\u00e1ria de distribui\u00e7\u00e3o de energia Enel Distribui\u00e7\u00e3o Rio firmou acordo com a Universidade Federal Fluminense (UFF) para pagamento da d\u00edvida de R$19,8 milh\u00f5es da institui\u00e7\u00e3o universit\u00e1ria, referente a contas de luz vencidas. Em nota divulgada nessa segunda-feira, 8, a Enel esclarece que, do total, j\u00e1 recebeu R$6,2 milh\u00f5es da UFF, no final de dezembro passado. O restante da d\u00edvida ser\u00e1 pago em parcelas a partir deste m\u00eas de janeiro.<\/p>\n<p>Cerca de R$3 milh\u00f5es foram pagos com recursos do or\u00e7amento da pr\u00f3pria universidade, enquanto R$2,9 milh\u00f5es foram repassados via termo de descentraliza\u00e7\u00e3o pelo Minist\u00e9rio da Educa\u00e7\u00e3o (MEC), de acordo com informa\u00e7\u00e3o da assessoria de imprensa da UFF.<\/p>\n<p>O reitor da universidade, Sidney Mello, comemorou a religa\u00e7\u00e3o do fornecimento da energia da reitoria, como parte do acordo assinado, al\u00e9m da energiza\u00e7\u00e3o dos novos pr\u00e9dios do Instituto Biom\u00e9dico, em Niter\u00f3i, regi\u00e3o metropolitana do Rio de Janeiro, e do Servi\u00e7o de Psicologia Aplicada, situado em Campos, no norte do estado. Mello disse que o saldo do d\u00e9bito \u201cser\u00e1 parcelado em 24 meses, com base em negocia\u00e7\u00e3o a ser levada ao MEC&#8221;.<\/p>\n<p>O reitor lembrou que o Instituto Biom\u00e9dico, inaugurado em 2014, n\u00e3o estava operando por falta de energia: \u201cNada melhor do que come\u00e7ar o ano de 2018 com o funcionamento do nosso novo Instituto Biom\u00e9dico\u201d, comemorou Mello. Ele disse ainda que, ao longo deste m\u00eas, os professores j\u00e1 podem come\u00e7ar a planejar a mudan\u00e7a para o novo espa\u00e7o.<\/p>\n<p>O vice-reitor da UFF, Antonio Claudio da N\u00f3brega, destacou que o acordo inaugura uma nova fase do relacionamento da institui\u00e7\u00e3o com a Enel, que pode avan\u00e7ar \u201cno desenvolvimento de parcerias em torno de projetos sustent\u00e1veis, de efici\u00eancia energ\u00e9tica, visando o bem da UFF e da comunidade em geral\u201d.<\/p>\n<p>O novo Instituto Biom\u00e9dico est\u00e1 localizado no Valonguinho, regi\u00e3o central de Niter\u00f3i. Com sete andares, o pr\u00e9dio abriga laborat\u00f3rios, salas de reuni\u00e3o e audit\u00f3rio para atender \u00e0s atividades de pesquisa de diversos programas de gradua\u00e7\u00e3o e p\u00f3s-gradua\u00e7\u00e3o da UFF em v\u00e1rios campos do conhecimento.<\/p>\n<p>Segundo a UFF, o pr\u00e9dio foi constru\u00eddo com conceito de sustentabilidade, destacando o reaproveitamento de \u00e1gua, descarte de res\u00edduos atendendo a normas de biosseguran\u00e7a, energia com gerador e canaliza\u00e7\u00e3o de gases especiais.<\/p>\n<p>Fonte: Ag\u00eancia Brasil<\/p>\n","protected":false},"excerpt":{"rendered":"<p>A concession\u00e1ria de distribui\u00e7\u00e3o de energia Enel Distribui\u00e7\u00e3o Rio firmou acordo com a Universidade Federal Fluminense (UFF) para pagamento da d\u00edvida de R$19,8 milh\u00f5es da institui\u00e7\u00e3o universit\u00e1ria, referente a contas de luz vencidas. Em nota divulgada nessa segunda-feira, 8, a Enel esclarece que, do total, j\u00e1 recebeu R$6,2 milh\u00f5es da UFF, no final de dezembro [&hellip;]<\/p>\n","protected":false},"author":96,"featured_media":89094,"comment_status":"closed","ping_status":"closed","sticky":false,"template":"","format":"standard","meta":{"footnotes":""},"categories":[302],"tags":[],"class_list":["post-89095","post","type-post","status-publish","format-standard","has-post-thumbnail","hentry","category-brasil-mundo"],"_links":{"self":[{"href":"https:\/\/diarioregionaldigital.com.br\/index.php?rest_route=\/wp\/v2\/posts\/89095","targetHints":{"allow":["GET"]}}],"collection":[{"href":"https:\/\/diarioregionaldigital.com.br\/index.php?rest_route=\/wp\/v2\/posts"}],"about":[{"href":"https:\/\/diarioregionaldigital.com.br\/index.php?rest_route=\/wp\/v2\/types\/post"}],"author":[{"embeddable":true,"href":"https:\/\/diarioregionaldigital.com.br\/index.php?rest_route=\/wp\/v2\/users\/96"}],"replies":[{"embeddable":true,"href":"https:\/\/diarioregionaldigital.com.br\/index.php?rest_route=%2Fwp%2Fv2%2Fcomments&post=89095"}],"version-history":[{"count":0,"href":"https:\/\/diarioregionaldigital.com.br\/index.php?rest_route=\/wp\/v2\/posts\/89095\/revisions"}],"wp:featuredmedia":[{"embeddable":true,"href":"https:\/\/diarioregionaldigital.com.br\/index.php?rest_route=\/wp\/v2\/media\/89094"}],"wp:attachment":[{"href":"https:\/\/diarioregionaldigital.com.br\/index.php?rest_route=%2Fwp%2Fv2%2Fmedia&parent=89095"}],"wp:term":[{"taxonomy":"category","embeddable":true,"href":"https:\/\/diarioregionaldigital.com.br\/index.php?rest_route=%2Fwp%2Fv2%2Fcategories&post=89095"},{"taxonomy":"post_tag","embeddable":true,"href":"https:\/\/diarioregionaldigital.com.br\/index.php?rest_route=%2Fwp%2Fv2%2Ftags&post=89095"}],"curies":[{"name":"wp","href":"https:\/\/api.w.org\/{rel}","templated":true}]}}