{"id":89093,"date":"2018-01-09T16:59:05","date_gmt":"2018-01-09T18:59:05","guid":{"rendered":"http:\/\/diarioregionaljf.com.br\/2018\/01\/09\/pesquisa-aponta-que-indicador-antecedente-de-emprego-atinge-maior-nivel-desde-2008\/"},"modified":"2018-01-09T16:59:05","modified_gmt":"2018-01-09T18:59:05","slug":"pesquisa-aponta-que-indicador-antecedente-de-emprego-atinge-maior-nivel-desde-2008","status":"publish","type":"post","link":"https:\/\/diarioregionaldigital.com.br\/?p=89093","title":{"rendered":"Pesquisa aponta que Indicador Antecedente de Emprego atinge maior n\u00edvel desde 2008"},"content":{"rendered":"<p>Com otimismo em rela\u00e7\u00e3o a recupera\u00e7\u00e3o da atividade econ\u00f4mica no pa\u00eds, o Indicador Antecedente de Emprego (IAEmp) avan\u00e7ou 3,1 pontos, em dezembro, para 107,0 pontos, o maior n\u00edvel da s\u00e9rie iniciada em junho de 2008. Com o resultado, o indicador avan\u00e7ou 17 pontos em 2017 e sinaliza a \u201ca tend\u00eancia de recupera\u00e7\u00e3o do mercado de trabalho nos primeiros meses de 2018\u201d, segundo o Instituto Brasileiro de Economia da Funda\u00e7\u00e3o Getulio Vargas (Ibre\/FGV).<\/p>\n<p>Os dados da publica\u00e7\u00e3o Indicadores de Mercado de Trabalho divulgados hoje (9) pelo FGV verificaram que o Indicador Coincidente de Desemprego (ICD) avan\u00e7ou pelo segundo m\u00eas consecutivo, ao variar 1,7 ponto, para 100,3 pontos em dezembro do ano passado, o maior resultado desde os 100,6 pontos de mar\u00e7o de 2017. No ano, o indicador recuou 3,3 pontos.<\/p>\n<p>Para o economista da FGV Fernando de Holanda Filho o \u00edndice antecedente de emprego segue refletindo o grande otimismo quanto \u00e0 recupera\u00e7\u00e3o da atividade econ\u00f4mica no pa\u00eds. \u201cO \u00edndice reflete a expectativa de melhora dos neg\u00f3cios e planos de contrata\u00e7\u00e3o das empresas nos pr\u00f3ximos meses. O elevado n\u00edvel do \u00edndice indica que a gera\u00e7\u00e3o de postos de trabalho deve avan\u00e7ar mais durante este ano\u201d, disse.<\/p>\n<p>O economista ressalta que, ainda que o n\u00edvel do \u00cdndice Coincidente de Desemprego (ICD) esteja acima de 100 pontos, o resultado mostra que apesar da redu\u00e7\u00e3o da taxa de desemprego, a situa\u00e7\u00e3o do mercado de trabalho continua dif\u00edcil.<\/p>\n<p>\u201cA taxa de desemprego se mant\u00e9m na casa dos 12% e a gera\u00e7\u00e3o de vagas continua ocorrendo predominantemente no mercado informal, retratando um mercado de trabalho ainda complicado para o trabalhador\u201d, concluiu.<\/p>\n<h3>Destaques<\/h3>\n<p>Os dados dos Indicadores de Mercado de Trabalho de dezembro trazem como destaque o Indicador Antecedente de Emprego e o Indicador Coincidente de Desemprego. Segundo a FGV, a alta do Indicador Antecedente de Emprego em dezembro ocorreu em seis dos sete indicadores que o comp\u00f5em, com destaque para os que medem a situa\u00e7\u00e3o dos neg\u00f3cios para os pr\u00f3ximos seis meses, na Sondagem da Ind\u00fastria de Transforma\u00e7\u00e3o; e a situa\u00e7\u00e3o dos neg\u00f3cios atual, da Sondagem de Servi\u00e7os, com varia\u00e7\u00f5es de 9,1 e 4,4 pontos, na margem, respectivamente.<\/p>\n<p>Assim como no m\u00eas passado, as classes de renda que mais contribu\u00edram para a alta do Indicador Coincidente de Desemprego foram as duas mais baixas: consumidores com renda familiar at\u00e9 R$2,1 mil, cujo Indicador de Emprego (invertido) variou 9,5 pontos; e a faixa entre R$2,1 mil e R$4,8 mil com avan\u00e7o de 1,1 ponto.<\/p>\n<p>O Indicador Antecedente de Emprego, que fechou 2016 em 90 pontos, abriu o ano passado em 95,6 pontos. O indicador, no entanto, s\u00f3 veio a ultrapassar a marca dos 100 pontos em setembro de 2017 quando fechou em 100,6 pontos, mantendo-se desde ent\u00e3o acima desta faixa pelo restante do ano: 102,9 pontos em outubro, 103,9 pontos em novembro e 107 pontos no fechamento do ano.<\/p>\n<p>J\u00e1 o Indicador Coincidente de Desemprego, fechou 2016 em 103,6 pontos; abriu 2017 em 102,3 pontos (queda de 1 ponto entre dezembro de 2016\/janeiro de 2017); e fechou dezembro do ano passado em 100,3 pontos.<\/p>\n<hr \/>\n<p>&nbsp;Fonte: Ag\u00eancia Brasil<\/p>\n","protected":false},"excerpt":{"rendered":"<p>Com otimismo em rela\u00e7\u00e3o a recupera\u00e7\u00e3o da atividade econ\u00f4mica no pa\u00eds, o Indicador Antecedente de Emprego (IAEmp) avan\u00e7ou 3,1 pontos, em dezembro, para 107,0 pontos, o maior n\u00edvel da s\u00e9rie iniciada em junho de 2008. Com o resultado, o indicador avan\u00e7ou 17 pontos em 2017 e sinaliza a \u201ca tend\u00eancia de recupera\u00e7\u00e3o do mercado de [&hellip;]<\/p>\n","protected":false},"author":96,"featured_media":89092,"comment_status":"closed","ping_status":"closed","sticky":false,"template":"","format":"standard","meta":{"footnotes":""},"categories":[261],"tags":[],"class_list":["post-89093","post","type-post","status-publish","format-standard","has-post-thumbnail","hentry","category-economia"],"_links":{"self":[{"href":"https:\/\/diarioregionaldigital.com.br\/index.php?rest_route=\/wp\/v2\/posts\/89093","targetHints":{"allow":["GET"]}}],"collection":[{"href":"https:\/\/diarioregionaldigital.com.br\/index.php?rest_route=\/wp\/v2\/posts"}],"about":[{"href":"https:\/\/diarioregionaldigital.com.br\/index.php?rest_route=\/wp\/v2\/types\/post"}],"author":[{"embeddable":true,"href":"https:\/\/diarioregionaldigital.com.br\/index.php?rest_route=\/wp\/v2\/users\/96"}],"replies":[{"embeddable":true,"href":"https:\/\/diarioregionaldigital.com.br\/index.php?rest_route=%2Fwp%2Fv2%2Fcomments&post=89093"}],"version-history":[{"count":0,"href":"https:\/\/diarioregionaldigital.com.br\/index.php?rest_route=\/wp\/v2\/posts\/89093\/revisions"}],"wp:featuredmedia":[{"embeddable":true,"href":"https:\/\/diarioregionaldigital.com.br\/index.php?rest_route=\/wp\/v2\/media\/89092"}],"wp:attachment":[{"href":"https:\/\/diarioregionaldigital.com.br\/index.php?rest_route=%2Fwp%2Fv2%2Fmedia&parent=89093"}],"wp:term":[{"taxonomy":"category","embeddable":true,"href":"https:\/\/diarioregionaldigital.com.br\/index.php?rest_route=%2Fwp%2Fv2%2Fcategories&post=89093"},{"taxonomy":"post_tag","embeddable":true,"href":"https:\/\/diarioregionaldigital.com.br\/index.php?rest_route=%2Fwp%2Fv2%2Ftags&post=89093"}],"curies":[{"name":"wp","href":"https:\/\/api.w.org\/{rel}","templated":true}]}}