{"id":89091,"date":"2018-01-09T16:55:26","date_gmt":"2018-01-09T18:55:26","guid":{"rendered":"http:\/\/diarioregionaljf.com.br\/2018\/01\/09\/cnc-estima-em-3-9-o-crescimento-do-comercio-varejista-em-2017\/"},"modified":"2018-01-09T16:55:26","modified_gmt":"2018-01-09T18:55:26","slug":"cnc-estima-em-3-9-o-crescimento-do-comercio-varejista-em-2017","status":"publish","type":"post","link":"https:\/\/diarioregionaldigital.com.br\/?p=89091","title":{"rendered":"CNC estima em 3,9% o crescimento do com\u00e9rcio varejista em 2017"},"content":{"rendered":"<p>A Confedera\u00e7\u00e3o Nacional do Com\u00e9rcio de Bens, Servi\u00e7os e Turismo (CNC) divulgou nesta ter\u00e7a-feira, 9, uma estimativa onde aponta que o crescimento para o com\u00e9rcio varejista em 2017 deve ser de 3,9%. O percentual foi calculado com base em dados da Pesquisa Mensal de Com\u00e9rcio (PMC) de novembro, produzida pelo Instituto Brasileiro de Geografia e Estat\u00edstica (IBGE).<\/p>\n<p>A PMC de novembro mostra que o volume de vendas nos 10 segmentos que integram o varejo ampliado avan\u00e7ou 2,5% em rela\u00e7\u00e3o a outubro. Segundo a CNC, foi o melhor resultado na compara\u00e7\u00e3o mensal desde 2003, quando o IBGE passou a divulgar os dados do varejo ampliado. Frente a novembro de 2016, houve alta de 8,7%.<\/p>\n<p>&#8220;Os segmentos de artigos de uso pessoal e dom\u00e9stico (8,0%) e m\u00f3veis e eletrodom\u00e9sticos (6,1%) foram os principais destaques de novembro, impactados pelo aumento das vendas decorrentes da Black Friday&#8221;, registra nota divulgada pela CNC. A entidade tamb\u00e9m destacou a recupera\u00e7\u00e3o do varejo em 23 das 27 unidades da federa\u00e7\u00e3o, quando considerado o acumulado dos \u00faltimos 12 meses.<\/p>\n<p>\u201cEntre 2014 e 2016, o volume m\u00e9dio de vendas do setor recuou 20%, revelando que, apesar dos recentes resultados positivos, a estrada de recupera\u00e7\u00e3o do n\u00edvel de vendas anterior \u00e0 crise econ\u00f4mica ser\u00e1 longa, n\u00e3o devendo ocorrer antes de 2020\u201d, avaliou F\u00e1bio Bentes, chefe da Divis\u00e3o Econ\u00f4mica da CNC.<\/p>\n<p>Fundada em 1945, a CNC \u00e9 uma entidade sindical que representa cerca de 5 milh\u00f5es de empresas. Para 2018, ela projeta um crescimento no com\u00e9rcio varejista de 5,1%, desde que se preserve o atual cen\u00e1rio de infla\u00e7\u00e3o abaixo da meta e de juros em queda.<\/p>\n<hr \/>\n<p>&nbsp;Fonte: Ag\u00eancia Brasil<\/p>\n","protected":false},"excerpt":{"rendered":"<p>A Confedera\u00e7\u00e3o Nacional do Com\u00e9rcio de Bens, Servi\u00e7os e Turismo (CNC) divulgou nesta ter\u00e7a-feira, 9, uma estimativa onde aponta que o crescimento para o com\u00e9rcio varejista em 2017 deve ser de 3,9%. O percentual foi calculado com base em dados da Pesquisa Mensal de Com\u00e9rcio (PMC) de novembro, produzida pelo Instituto Brasileiro de Geografia e [&hellip;]<\/p>\n","protected":false},"author":96,"featured_media":89090,"comment_status":"closed","ping_status":"closed","sticky":false,"template":"","format":"standard","meta":{"footnotes":""},"categories":[261],"tags":[],"class_list":["post-89091","post","type-post","status-publish","format-standard","has-post-thumbnail","hentry","category-economia"],"_links":{"self":[{"href":"https:\/\/diarioregionaldigital.com.br\/index.php?rest_route=\/wp\/v2\/posts\/89091","targetHints":{"allow":["GET"]}}],"collection":[{"href":"https:\/\/diarioregionaldigital.com.br\/index.php?rest_route=\/wp\/v2\/posts"}],"about":[{"href":"https:\/\/diarioregionaldigital.com.br\/index.php?rest_route=\/wp\/v2\/types\/post"}],"author":[{"embeddable":true,"href":"https:\/\/diarioregionaldigital.com.br\/index.php?rest_route=\/wp\/v2\/users\/96"}],"replies":[{"embeddable":true,"href":"https:\/\/diarioregionaldigital.com.br\/index.php?rest_route=%2Fwp%2Fv2%2Fcomments&post=89091"}],"version-history":[{"count":0,"href":"https:\/\/diarioregionaldigital.com.br\/index.php?rest_route=\/wp\/v2\/posts\/89091\/revisions"}],"wp:featuredmedia":[{"embeddable":true,"href":"https:\/\/diarioregionaldigital.com.br\/index.php?rest_route=\/wp\/v2\/media\/89090"}],"wp:attachment":[{"href":"https:\/\/diarioregionaldigital.com.br\/index.php?rest_route=%2Fwp%2Fv2%2Fmedia&parent=89091"}],"wp:term":[{"taxonomy":"category","embeddable":true,"href":"https:\/\/diarioregionaldigital.com.br\/index.php?rest_route=%2Fwp%2Fv2%2Fcategories&post=89091"},{"taxonomy":"post_tag","embeddable":true,"href":"https:\/\/diarioregionaldigital.com.br\/index.php?rest_route=%2Fwp%2Fv2%2Ftags&post=89091"}],"curies":[{"name":"wp","href":"https:\/\/api.w.org\/{rel}","templated":true}]}}